{"id":28548,"date":"2025-05-14T08:35:37","date_gmt":"2025-05-14T05:35:37","guid":{"rendered":"https:\/\/www.egemtv.com\/?p=28548"},"modified":"2025-05-14T08:35:42","modified_gmt":"2025-05-14T05:35:42","slug":"sarigolde-gokyuzu-ucurtmalarla-renklendi","status":"publish","type":"post","link":"https:\/\/www.egemtv.com\/?p=28548","title":{"rendered":"Sar\u0131g\u00f6l\u2019de g\u00f6ky\u00fcz\u00fc u\u00e7urtmalarla renklendi"},"content":{"rendered":"<p>Manisa\u2019n\u0131n Sar\u0131g\u00f6l il\u00e7esinde bulunan H\u00fcseyin-Sermin T\u00fcfek\u00e7i Anaokulu taraf\u0131ndan her y\u0131l geleneksel olarak d\u00fczenlenen u\u00e7urtma \u015fenli\u011fi, bu y\u0131l da renkli g\u00f6r\u00fcnt\u00fclere sahne oldu.<br \/>\n<br \/>Sar\u0131g\u00f6l\u2019\u00fcn Dallas mevkisinde ger\u00e7ekle\u015ftirilen etkinli\u011fe Sar\u0131g\u00f6l Kaymakam\u0131 Halil Dalak, \u0130l\u00e7e Milli E\u011fitim M\u00fcd\u00fcr\u00fc Cezmi Y\u0131ld\u0131rak, okul \u00f6\u011fretmenleri, \u00f6\u011frenciler ve veliler kat\u0131ld\u0131. Etkinlikte kat\u0131l\u0131mc\u0131lar hem u\u00e7urtma u\u00e7urman\u0131n keyfini ya\u015fad\u0131 hem de aileleriyle birlikte piknik yapma imkan\u0131 buldu.<br \/>\n<br \/>Etkinlikte minik \u00f6\u011frencilerin kendi yapt\u0131klar\u0131 u\u00e7urtmalar b\u00fcy\u00fck be\u011feni toplarken, Kaymakam Halil Dalak da \u00f6\u011frencilere \u00e7e\u015fitli hediyeler vererek sevin\u00e7lerine ortak oldu. Bir s\u00fcre \u00f6\u011frencilerle birlikte u\u00e7urtma u\u00e7uran Kaymakam Dalak, \u00e7ocuklar\u0131n mutlulu\u011funa e\u015flik etti.<br \/>\n<br \/>\u0130l\u00e7e Milli E\u011fitim M\u00fcd\u00fcr\u00fc Cezmi Y\u0131ld\u0131rak, &#8220;Her y\u0131l H\u00fcseyin &#8211; Sermin T\u00fcfek\u00e7i Anaokulu taraf\u0131ndan d\u00fczenlenen geleneksel u\u00e7urtma \u015fenli\u011finde \u00f6\u011frencilerimiz, aileleriyle birlikte rengarenk u\u00e7urtmalar\u0131n\u0131 g\u00f6ky\u00fcz\u00fcne b\u0131rak\u0131yor. Ayn\u0131 zamanda \u00f6\u011fretmenler, aileler ve \u00f6\u011frenciler birlikte piknik yaparak g\u00fczel vakit ge\u00e7iriyor. Minik \u00f6\u011frencilerimizin u\u00e7urtma u\u00e7urma heyecan\u0131 ger\u00e7ekten g\u00f6r\u00fclmeye de\u011ferdi. Etkinli\u011fe kat\u0131lan \u00f6\u011frencilerimize kaymakam\u0131m\u0131z taraf\u0131ndan hediyeler verildi.&#8221; dedi.<br \/>\n<br \/>Anaokulu M\u00fcd\u00fcr\u00fc Meryem Demir ise, &#8220;U\u00e7urtma \u015fenli\u011fimizi her y\u0131l geleneksel olarak s\u00fcrd\u00fcr\u00fcyoruz. Temiz havada \u00f6\u011frencilerimiz u\u00e7urtmalar\u0131n\u0131 u\u00e7ururken, aileleriyle birlikte keyifli vakit ge\u00e7irdiler. Etkinli\u011fimize kat\u0131lan Kaymakam\u0131m\u0131z Halil Dalak\u2019a, \u0130l\u00e7e Milli E\u011fitim M\u00fcd\u00fcr\u00fcm\u00fcz Cezmi Y\u0131ld\u0131rak\u2019a ve t\u00fcm velilerimize te\u015fekk\u00fcr ederim.&#8221; ifadelerini kulland\u0131.<br \/><\/p>\n","protected":false},"excerpt":{"rendered":"<p>Manisa\u2019n\u0131n Sar\u0131g\u00f6l il\u00e7esinde bulunan H\u00fcseyin-Sermin T\u00fcfek\u00e7i Anaokulu taraf\u0131ndan her y\u0131l geleneksel olarak d\u00fczenlenen u\u00e7urtma \u015fenli\u011fi, bu y\u0131l da renkli g\u00f6r\u00fcnt\u00fclere sahne oldu. Sar\u0131g\u00f6l\u2019\u00fcn Dallas mevkisinde ger\u00e7ekle\u015ftirilen etkinli\u011fe Sar\u0131g\u00f6l Kaymakam\u0131 Halil Dalak, \u0130l\u00e7e Milli E\u011fitim M\u00fcd\u00fcr\u00fc Cezmi Y\u0131ld\u0131rak, okul \u00f6\u011fretmenleri, \u00f6\u011frenciler ve veliler kat\u0131ld\u0131. Etkinlikte kat\u0131l\u0131mc\u0131lar hem u\u00e7urtma u\u00e7urman\u0131n keyfini ya\u015fad\u0131 hem de aileleriyle birlikte piknik&#8230;<\/p>\n","protected":false},"author":1,"featured_media":28549,"comment_status":"open","ping_status":"open","sticky":false,"template":"","format":"standard","meta":{"_crdt_document":"","footnotes":""},"categories":[1],"tags":[],"class_list":["post-28548","post","type-post","status-publish","format-standard","has-post-thumbnail","hentry","category-guncel"],"_links":{"self":[{"href":"https:\/\/www.egemtv.com\/index.php?rest_route=\/wp\/v2\/posts\/28548","targetHints":{"allow":["GET"]}}],"collection":[{"href":"https:\/\/www.egemtv.com\/index.php?rest_route=\/wp\/v2\/posts"}],"about":[{"href":"https:\/\/www.egemtv.com\/index.php?rest_route=\/wp\/v2\/types\/post"}],"author":[{"embeddable":true,"href":"https:\/\/www.egemtv.com\/index.php?rest_route=\/wp\/v2\/users\/1"}],"replies":[{"embeddable":true,"href":"https:\/\/www.egemtv.com\/index.php?rest_route=%2Fwp%2Fv2%2Fcomments&post=28548"}],"version-history":[{"count":1,"href":"https:\/\/www.egemtv.com\/index.php?rest_route=\/wp\/v2\/posts\/28548\/revisions"}],"predecessor-version":[{"id":28550,"href":"https:\/\/www.egemtv.com\/index.php?rest_route=\/wp\/v2\/posts\/28548\/revisions\/28550"}],"wp:featuredmedia":[{"embeddable":true,"href":"https:\/\/www.egemtv.com\/index.php?rest_route=\/wp\/v2\/media\/28549"}],"wp:attachment":[{"href":"https:\/\/www.egemtv.com\/index.php?rest_route=%2Fwp%2Fv2%2Fmedia&parent=28548"}],"wp:term":[{"taxonomy":"category","embeddable":true,"href":"https:\/\/www.egemtv.com\/index.php?rest_route=%2Fwp%2Fv2%2Fcategories&post=28548"},{"taxonomy":"post_tag","embeddable":true,"href":"https:\/\/www.egemtv.com\/index.php?rest_route=%2Fwp%2Fv2%2Ftags&post=28548"}],"curies":[{"name":"wp","href":"https:\/\/api.w.org\/{rel}","templated":true}]}}