{"id":28545,"date":"2025-05-14T08:35:33","date_gmt":"2025-05-14T05:35:33","guid":{"rendered":"https:\/\/www.egemtv.com\/?p=28545"},"modified":"2025-05-14T08:35:37","modified_gmt":"2025-05-14T05:35:37","slug":"alasehir-bilsemde-tubitak-4006-bilim-fuari-acildi","status":"publish","type":"post","link":"https:\/\/www.egemtv.com\/?p=28545","title":{"rendered":"Ala\u015fehir B\u0130LSEM\u2019de T\u00dcB\u0130TAK 4006 Bilim Fuar\u0131 a\u00e7\u0131ld\u0131"},"content":{"rendered":"<p>Manisa\u2019n\u0131n Ala\u015fehir il\u00e7esinde, Bilim ve Sanat Merkezi taraf\u0131ndan d\u00fczenlenen T\u00dcB\u0130TAK 4006 Bilim Fuar\u0131 yo\u011fun ilgi g\u00f6rd\u00fc. \u00d6\u011frencilerin y\u0131l boyunca haz\u0131rlad\u0131\u011f\u0131 projeler fuarda kat\u0131l\u0131mc\u0131lar\u0131n be\u011fenisine sunuldu.<br \/>\n<br \/>Bilim ve Sanat Merkezi salonunda ger\u00e7ekle\u015ftirilen fuar\u0131n a\u00e7\u0131l\u0131\u015f t\u00f6renine, Ala\u015fehir Kaymakam Vekili ve Sar\u0131g\u00f6l Kaymakam\u0131 Halil Dalak, Ala\u015fehir Belediye Ba\u015fkan\u0131 Ahmet \u00d6k\u00fczc\u00fco\u011flu, \u0130l\u00e7e Milli E\u011fitim M\u00fcd\u00fcr\u00fc Fikri \u00c7etinkaya, \u0130l\u00e7e Milli E\u011fitim M\u00fcd\u00fcrl\u00fc\u011f\u00fc \u015eube M\u00fcd\u00fcrleri Yasemin Oral ve Latif Akg\u00fcn kat\u0131ld\u0131.<br \/>\n<br \/>A\u00e7\u0131l\u0131\u015f\u0131n ard\u0131ndan protokol \u00fcyeleri ve ziyaret\u00e7iler, fuar alan\u0131n\u0131 gezerek \u00f6\u011frencilerden projeleri hakk\u0131nda bilgi ald\u0131.<br \/>\n<br \/>Bilim ve Sanat Merkezi M\u00fcd\u00fcr\u00fc C\u00fcneyt Akku\u015f, &#8220;\u00d6\u011fretmenler ve \u00f6\u011frenciler taraf\u0131ndan haz\u0131rlanan fuarda STEM, fen bilimleri, matematik gibi farkl\u0131 alanlarda toplam 20 \u00f6zg\u00fcn proje sergilendi. Ala\u015fehir\u2019deki ilkokul ve ortaokullardan gelen \u00e7ok say\u0131da \u00f6\u011frenci ve ziyaret\u00e7i fuara yo\u011fun ilgi g\u00f6sterdi. \u00d6\u011frenciler, \u00f6\u011fretmenlerinin rehberli\u011finde projelerini tan\u0131tarak bilimin e\u011flenceli y\u00f6n\u00fcn\u00fc g\u00f6zler \u00f6n\u00fcne serdi. Merkezimizde yap\u0131lan \u00e7al\u0131\u015fmalar, bilimsel d\u00fc\u015f\u00fcnmeyi te\u015fvik eden ortam\u0131 ve hayal g\u00fcc\u00fcn\u00fc zorlayan projeleriyle ziyaret\u00e7ilerin b\u00fcy\u00fck be\u011fenisini toplad\u0131.&#8221; dedi.<br \/><\/p>\n","protected":false},"excerpt":{"rendered":"<p>Manisa\u2019n\u0131n Ala\u015fehir il\u00e7esinde, Bilim ve Sanat Merkezi taraf\u0131ndan d\u00fczenlenen T\u00dcB\u0130TAK 4006 Bilim Fuar\u0131 yo\u011fun ilgi g\u00f6rd\u00fc. \u00d6\u011frencilerin y\u0131l boyunca haz\u0131rlad\u0131\u011f\u0131 projeler fuarda kat\u0131l\u0131mc\u0131lar\u0131n be\u011fenisine sunuldu. Bilim ve Sanat Merkezi salonunda ger\u00e7ekle\u015ftirilen fuar\u0131n a\u00e7\u0131l\u0131\u015f t\u00f6renine, Ala\u015fehir Kaymakam Vekili ve Sar\u0131g\u00f6l Kaymakam\u0131 Halil Dalak, Ala\u015fehir Belediye Ba\u015fkan\u0131 Ahmet \u00d6k\u00fczc\u00fco\u011flu, \u0130l\u00e7e Milli E\u011fitim M\u00fcd\u00fcr\u00fc Fikri \u00c7etinkaya, \u0130l\u00e7e Milli&#8230;<\/p>\n","protected":false},"author":1,"featured_media":28546,"comment_status":"open","ping_status":"open","sticky":false,"template":"","format":"standard","meta":{"_crdt_document":"","footnotes":""},"categories":[1],"tags":[],"class_list":["post-28545","post","type-post","status-publish","format-standard","has-post-thumbnail","hentry","category-guncel"],"_links":{"self":[{"href":"https:\/\/www.egemtv.com\/index.php?rest_route=\/wp\/v2\/posts\/28545","targetHints":{"allow":["GET"]}}],"collection":[{"href":"https:\/\/www.egemtv.com\/index.php?rest_route=\/wp\/v2\/posts"}],"about":[{"href":"https:\/\/www.egemtv.com\/index.php?rest_route=\/wp\/v2\/types\/post"}],"author":[{"embeddable":true,"href":"https:\/\/www.egemtv.com\/index.php?rest_route=\/wp\/v2\/users\/1"}],"replies":[{"embeddable":true,"href":"https:\/\/www.egemtv.com\/index.php?rest_route=%2Fwp%2Fv2%2Fcomments&post=28545"}],"version-history":[{"count":1,"href":"https:\/\/www.egemtv.com\/index.php?rest_route=\/wp\/v2\/posts\/28545\/revisions"}],"predecessor-version":[{"id":28547,"href":"https:\/\/www.egemtv.com\/index.php?rest_route=\/wp\/v2\/posts\/28545\/revisions\/28547"}],"wp:featuredmedia":[{"embeddable":true,"href":"https:\/\/www.egemtv.com\/index.php?rest_route=\/wp\/v2\/media\/28546"}],"wp:attachment":[{"href":"https:\/\/www.egemtv.com\/index.php?rest_route=%2Fwp%2Fv2%2Fmedia&parent=28545"}],"wp:term":[{"taxonomy":"category","embeddable":true,"href":"https:\/\/www.egemtv.com\/index.php?rest_route=%2Fwp%2Fv2%2Fcategories&post=28545"},{"taxonomy":"post_tag","embeddable":true,"href":"https:\/\/www.egemtv.com\/index.php?rest_route=%2Fwp%2Fv2%2Ftags&post=28545"}],"curies":[{"name":"wp","href":"https:\/\/api.w.org\/{rel}","templated":true}]}}