{"id":28542,"date":"2025-05-14T08:35:28","date_gmt":"2025-05-14T05:35:28","guid":{"rendered":"https:\/\/www.egemtv.com\/?p=28542"},"modified":"2025-05-14T08:35:33","modified_gmt":"2025-05-14T05:35:33","slug":"egitim-kampusunde-uc-okuldan-ortak-etkinlik","status":"publish","type":"post","link":"https:\/\/www.egemtv.com\/?p=28542","title":{"rendered":"E\u011fitim kamp\u00fcs\u00fcnde \u00fc\u00e7 okuldan ortak etkinlik"},"content":{"rendered":"<p>Manisa\u2019n\u0131n \u015eehzadeler il\u00e7esine ba\u011fl\u0131 \u00c7obanisa Mahallesi\u2019nde ayn\u0131 bah\u00e7e i\u00e7erisinde yer alan Ahmet Ferit Giritligil \u0130lkokulu, Ortaokulu ve Anaokulu \u00f6\u011frencileri taraf\u0131ndan haz\u0131rlanan etkinlikler, protokol \u00fcyeleri ve velilerin be\u011fenisini toplad\u0131.<br \/>\n<br \/>Yakla\u015f\u0131k 450 \u00f6\u011frencinin e\u011fitim g\u00f6rd\u00fc\u011f\u00fc e\u011fitim kamp\u00fcs\u00fcnde, &#8220;Manisa Her Yerde Okuyor&#8221; projesi kapsam\u0131nda &#8220;Okuma \u015eenli\u011fi ve T\u00dcB\u0130TAK 4006 Bilim Fuar\u0131&#8221; program\u0131 e\u015f zamanl\u0131 olarak ger\u00e7ekle\u015ftirildi. Ahmet Ferit Giritligil Anaokulu \u00f6\u011frencilerinin sahneledi\u011fi oyun g\u00f6sterileri, izleyicilerden b\u00fcy\u00fck alk\u0131\u015f ald\u0131.<br \/>\n<br \/>Etkinli\u011fe \u015eehzadeler Kaymakam\u0131 Fatih Genel, \u0130l Milli E\u011fitim M\u00fcd\u00fcr\u00fc Mehmet U\u011furelli, \u015eehzadeler \u0130l\u00e7e Milli E\u011fitim M\u00fcd\u00fcr\u00fc Metin Gencay, \u015eehzadeler Gen\u00e7lik ve Spor \u0130l\u00e7e M\u00fcd\u00fcr\u00fc Erhan \u00d6zel, okul m\u00fcd\u00fcrleri Mutlu G\u00fcne\u015f ve Ali Y\u0131ld\u0131z, \u00f6\u011fretmenler, Kitapsaray ve Gezici K\u00fct\u00fcphane personeli ile \u00e7ok say\u0131da veli kat\u0131ld\u0131.<br \/>\n<br \/>Protokol \u00fcyeleri program kapsam\u0131nda ilk olarak Gezici K\u00fct\u00fcphane\u2019den kitap emanet alan \u00f6\u011frencilerle sohbet etti. \u00d6\u011frencileri tebrik eden protokol, ard\u0131ndan Manisal\u0131 yazar ve \u015fairlerin canland\u0131r\u0131ld\u0131\u011f\u0131 g\u00f6sterileri ilgiyle izledi. \u00d6\u011frenciler, canland\u0131rd\u0131klar\u0131 yazar ve \u015fairlerin hayat hik\u00e2yelerini anlatt\u0131.<br \/>\n<br \/>Okul bah\u00e7esi ve kapal\u0131 spor salonunda kurulan T\u00dcB\u0130TAK 4006 Bilim Fuar\u0131\u2019nda ise ortaokul \u00f6\u011frencilerinin haz\u0131rlad\u0131\u011f\u0131 projeler sergilendi. Projeleri tek tek inceleyen protokol \u00fcyeleri, \u00f6\u011frencilerden \u00e7al\u0131\u015fmalar hakk\u0131nda bilgi ald\u0131.<br \/>\n<br \/>Ahmet Ferit Giritligil Ortaokulu \u00f6\u011frencilerinin halk oyunlar\u0131 g\u00f6sterisi ve \u015fiir dinletisiyle devam eden programda, K\u00fct\u00fcphane Haftas\u0131 dolay\u0131s\u0131yla Gezici K\u00fct\u00fcphane\u2019den en fazla kitap emanet alarak okuyan 6 \u00f6\u011frenciye, Kaymakam Fatih Genel ve \u0130l Milli E\u011fitim M\u00fcd\u00fcr\u00fc Mehmet U\u011furelli taraf\u0131ndan hediyeler takdim edildi.<br \/>\n<br \/>Programda konu\u015fan \u0130l Milli E\u011fitim M\u00fcd\u00fcr\u00fc U\u011furelli, etkinli\u011fin haz\u0131rlanmas\u0131nda eme\u011fi ge\u00e7en idareci, \u00f6\u011fretmen, \u00f6\u011frenci ve velilere te\u015fekk\u00fcr ederek, &#8220;Bazen bir \u015fiirin m\u0131sras\u0131, bir sat\u0131r\u0131 insan\u0131 derinden etkiler, kitap yazd\u0131racak ilham verir. T\u00dcB\u0130TAK fuar\u0131ndaki projeler, \u00f6\u011fretmenlerimizin eme\u011fiyle hayat bulmu\u015f. Her birine g\u00f6n\u00fclden te\u015fekk\u00fcr ediyorum. E\u011fitimin bug\u00fcnk\u00fc imk\u00e2nlar\u0131yla \u00e7ocuklar\u0131m\u0131z\u0131 sadece t\u00fcketen de\u011fil, \u00fcreten bireyler olarak yeti\u015ftirece\u011fiz,&#8221; dedi.<br \/>\n<br \/>Program, anaokulu \u00f6\u011frencilerinin e\u011flenceli oyun g\u00f6sterileri ve velilerin haz\u0131rlad\u0131\u011f\u0131 ikramlarla sona erdi.<br \/><\/p>\n","protected":false},"excerpt":{"rendered":"<p>Manisa\u2019n\u0131n \u015eehzadeler il\u00e7esine ba\u011fl\u0131 \u00c7obanisa Mahallesi\u2019nde ayn\u0131 bah\u00e7e i\u00e7erisinde yer alan Ahmet Ferit Giritligil \u0130lkokulu, Ortaokulu ve Anaokulu \u00f6\u011frencileri taraf\u0131ndan haz\u0131rlanan etkinlikler, protokol \u00fcyeleri ve velilerin be\u011fenisini toplad\u0131. Yakla\u015f\u0131k 450 \u00f6\u011frencinin e\u011fitim g\u00f6rd\u00fc\u011f\u00fc e\u011fitim kamp\u00fcs\u00fcnde, &#8220;Manisa Her Yerde Okuyor&#8221; projesi kapsam\u0131nda &#8220;Okuma \u015eenli\u011fi ve T\u00dcB\u0130TAK 4006 Bilim Fuar\u0131&#8221; program\u0131 e\u015f zamanl\u0131 olarak ger\u00e7ekle\u015ftirildi. Ahmet Ferit&#8230;<\/p>\n","protected":false},"author":1,"featured_media":28543,"comment_status":"open","ping_status":"open","sticky":false,"template":"","format":"standard","meta":{"_crdt_document":"","footnotes":""},"categories":[1],"tags":[],"class_list":["post-28542","post","type-post","status-publish","format-standard","has-post-thumbnail","hentry","category-guncel"],"_links":{"self":[{"href":"https:\/\/www.egemtv.com\/index.php?rest_route=\/wp\/v2\/posts\/28542","targetHints":{"allow":["GET"]}}],"collection":[{"href":"https:\/\/www.egemtv.com\/index.php?rest_route=\/wp\/v2\/posts"}],"about":[{"href":"https:\/\/www.egemtv.com\/index.php?rest_route=\/wp\/v2\/types\/post"}],"author":[{"embeddable":true,"href":"https:\/\/www.egemtv.com\/index.php?rest_route=\/wp\/v2\/users\/1"}],"replies":[{"embeddable":true,"href":"https:\/\/www.egemtv.com\/index.php?rest_route=%2Fwp%2Fv2%2Fcomments&post=28542"}],"version-history":[{"count":1,"href":"https:\/\/www.egemtv.com\/index.php?rest_route=\/wp\/v2\/posts\/28542\/revisions"}],"predecessor-version":[{"id":28544,"href":"https:\/\/www.egemtv.com\/index.php?rest_route=\/wp\/v2\/posts\/28542\/revisions\/28544"}],"wp:featuredmedia":[{"embeddable":true,"href":"https:\/\/www.egemtv.com\/index.php?rest_route=\/wp\/v2\/media\/28543"}],"wp:attachment":[{"href":"https:\/\/www.egemtv.com\/index.php?rest_route=%2Fwp%2Fv2%2Fmedia&parent=28542"}],"wp:term":[{"taxonomy":"category","embeddable":true,"href":"https:\/\/www.egemtv.com\/index.php?rest_route=%2Fwp%2Fv2%2Fcategories&post=28542"},{"taxonomy":"post_tag","embeddable":true,"href":"https:\/\/www.egemtv.com\/index.php?rest_route=%2Fwp%2Fv2%2Ftags&post=28542"}],"curies":[{"name":"wp","href":"https:\/\/api.w.org\/{rel}","templated":true}]}}