{"id":28539,"date":"2025-05-14T08:15:04","date_gmt":"2025-05-14T05:15:04","guid":{"rendered":"https:\/\/www.egemtv.com\/?p=28539"},"modified":"2025-05-14T08:15:09","modified_gmt":"2025-05-14T05:15:09","slug":"mentese-devlet-hastanesinde-saglik-sektorunun-meleklerine-pastali-kutlama","status":"publish","type":"post","link":"https:\/\/www.egemtv.com\/?p=28539","title":{"rendered":"Mente\u015fe Devlet Hastanesinde sa\u011fl\u0131k sekt\u00f6r\u00fcn\u00fcn meleklerine pastal\u0131 kutlama"},"content":{"rendered":"<p>12-18 May\u0131s Hem\u015fireler Haftas\u0131 kapsam\u0131nda Mente\u015fe Devlet Hastanesinde kutlama etkinli\u011fi ger\u00e7ekle\u015ftirildi. Etkinlikte Ba\u015fhekim Op. Dr. \u015eadi Ball\u0131 birlikte mesai yapt\u0131\u011f\u0131 hem\u015firelerin g\u00fcnlerini tek tek kutlarken, pasta kesildi.<br \/>\n<br \/>\u201812-18 May\u0131s Hem\u015fireler Haftas\u0131\u2019 kapsam\u0131nda Mente\u015fe Devlet Hastanesinde d\u00fczenlenen etkinlikte, Ba\u015fhekim Op. Dr. \u015eadi Ball\u0131 ve idari personel, sa\u011fl\u0131k hizmetlerinin vazge\u00e7ilmez bir par\u00e7as\u0131 olan hem\u015fireler ile bir araya gelerek bu \u00f6zel haftay\u0131 kutlad\u0131lar.<br \/>\n<br \/>Ba\u015fhekim Ball\u0131, &#8220;Hayat\u0131n en zor anlar\u0131nda hastalar\u0131m\u0131za umut olan, \u015fefkatleriyle iyile\u015fme s\u00fcre\u00e7lerine katk\u0131da bulunan ve b\u00fcy\u00fck bir \u00f6zveriyle g\u00f6rev yapan ba\u015fta kurumumuzun hem\u015fireleri olmak \u00fczere t\u00fcm hem\u015firelerimizin Hem\u015fireler Haftas\u0131n\u0131 en i\u00e7ten dileklerimizle kutluyor, sa\u011fl\u0131k sistemimize katt\u0131klar\u0131 de\u011fer, insan sevgileri ve emekleri i\u00e7in \u015f\u00fckranlar\u0131m\u0131z\u0131 sunuyorum&#8221; dedi.<br \/><\/p>\n","protected":false},"excerpt":{"rendered":"<p>12-18 May\u0131s Hem\u015fireler Haftas\u0131 kapsam\u0131nda Mente\u015fe Devlet Hastanesinde kutlama etkinli\u011fi ger\u00e7ekle\u015ftirildi. Etkinlikte Ba\u015fhekim Op. Dr. \u015eadi Ball\u0131 birlikte mesai yapt\u0131\u011f\u0131 hem\u015firelerin g\u00fcnlerini tek tek kutlarken, pasta kesildi. \u201812-18 May\u0131s Hem\u015fireler Haftas\u0131\u2019 kapsam\u0131nda Mente\u015fe Devlet Hastanesinde d\u00fczenlenen etkinlikte, Ba\u015fhekim Op. Dr. \u015eadi Ball\u0131 ve idari personel, sa\u011fl\u0131k hizmetlerinin vazge\u00e7ilmez bir par\u00e7as\u0131 olan hem\u015fireler ile bir araya&#8230;<\/p>\n","protected":false},"author":1,"featured_media":28540,"comment_status":"open","ping_status":"open","sticky":false,"template":"","format":"standard","meta":{"_crdt_document":"","footnotes":""},"categories":[2],"tags":[],"class_list":["post-28539","post","type-post","status-publish","format-standard","has-post-thumbnail","hentry","category-saglik"],"_links":{"self":[{"href":"https:\/\/www.egemtv.com\/index.php?rest_route=\/wp\/v2\/posts\/28539","targetHints":{"allow":["GET"]}}],"collection":[{"href":"https:\/\/www.egemtv.com\/index.php?rest_route=\/wp\/v2\/posts"}],"about":[{"href":"https:\/\/www.egemtv.com\/index.php?rest_route=\/wp\/v2\/types\/post"}],"author":[{"embeddable":true,"href":"https:\/\/www.egemtv.com\/index.php?rest_route=\/wp\/v2\/users\/1"}],"replies":[{"embeddable":true,"href":"https:\/\/www.egemtv.com\/index.php?rest_route=%2Fwp%2Fv2%2Fcomments&post=28539"}],"version-history":[{"count":1,"href":"https:\/\/www.egemtv.com\/index.php?rest_route=\/wp\/v2\/posts\/28539\/revisions"}],"predecessor-version":[{"id":28541,"href":"https:\/\/www.egemtv.com\/index.php?rest_route=\/wp\/v2\/posts\/28539\/revisions\/28541"}],"wp:featuredmedia":[{"embeddable":true,"href":"https:\/\/www.egemtv.com\/index.php?rest_route=\/wp\/v2\/media\/28540"}],"wp:attachment":[{"href":"https:\/\/www.egemtv.com\/index.php?rest_route=%2Fwp%2Fv2%2Fmedia&parent=28539"}],"wp:term":[{"taxonomy":"category","embeddable":true,"href":"https:\/\/www.egemtv.com\/index.php?rest_route=%2Fwp%2Fv2%2Fcategories&post=28539"},{"taxonomy":"post_tag","embeddable":true,"href":"https:\/\/www.egemtv.com\/index.php?rest_route=%2Fwp%2Fv2%2Ftags&post=28539"}],"curies":[{"name":"wp","href":"https:\/\/api.w.org\/{rel}","templated":true}]}}