{"id":28536,"date":"2025-05-14T08:14:59","date_gmt":"2025-05-14T05:14:59","guid":{"rendered":"https:\/\/www.egemtv.com\/?p=28536"},"modified":"2025-05-14T08:15:04","modified_gmt":"2025-05-14T05:15:04","slug":"mugla-eahta-hemsireler-gunu-etkinligi","status":"publish","type":"post","link":"https:\/\/www.egemtv.com\/?p=28536","title":{"rendered":"Mu\u011fla EAH\u2019ta \u2018Hem\u015fireler G\u00fcn\u00fc\u2019 etkinli\u011fi"},"content":{"rendered":"<p>12-18 May\u0131s Hem\u015fireler Haftas\u0131 kapsam\u0131nda Mu\u011fla E\u011fitim ve Ara\u015ft\u0131rma Hastanesinde etkinlik d\u00fczenlendi. Etkinlikte geleneksel kalite ve emeklilikleri gelen hem\u015firelere de te\u015fekk\u00fcr belgeleri verildi.<br \/>\n<br \/>Programda konu\u015fan ba\u015fhekim yard\u0131mc\u0131s\u0131 Uz. Dr. Eda \u00d6zlek, &#8220;Sa\u011fl\u0131k hizmeti sunumunun vazge\u00e7ilmez birer par\u00e7as\u0131 olarak pandemide, do\u011fal afetlerde her zaman omuz omuza \u00e7al\u0131\u015fmaktan gurur ve onur duydu\u011fumuz, bireyin, ailenin ve toplumun sa\u011fl\u0131\u011f\u0131n\u0131 koruyan, geli\u015ftiren, hastalar\u0131n tedavi, takip ve bak\u0131m uygulamalar\u0131nda anahtar rol oynayan, azimle, sab\u0131rla ve fedak\u00e2rca g\u00f6revini yerine getiren t\u00fcm hem\u015firelerimizin g\u00fcn\u00fcn\u00fc kutluyorum. Hem\u015firelik, birey, aile ve toplumun sa\u011fl\u0131\u011f\u0131n\u0131 koruyan, geli\u015ftiren, bozulan sa\u011fl\u0131\u011f\u0131 yeniden kazand\u0131ran ve rehabilitasyonunu sa\u011flayan profesyonel bir meslektir. Hem\u015fireler bu mesleklerini bak\u0131m verme, y\u00f6netim, e\u011fitim, ara\u015ft\u0131rma ve dan\u0131\u015fmanl\u0131k gibi rolleri ile ger\u00e7ekle\u015ftirmektedirler. Hem\u015firelerin vermi\u015f olduklar\u0131 bu hizmet \u00fclkelerin sa\u011fl\u0131k standartlar\u0131n\u0131 belirlemede alt\u0131n bir rol oynamaktad\u0131r&#8221; dedi.<br \/>\n<br \/>Mu\u011fla EAH\u2019ta d\u00fczenlenen etkinlikte ilgili t\u00fcm birim sorumlular\u0131na, g\u00f6stermi\u015f olduklar\u0131 \u00e7\u00f6z\u00fcm odakl\u0131 pozitif yakla\u015f\u0131m ve i\u015f birli\u011fi \u00e7al\u0131\u015fmalar\u0131 kapsam\u0131nda; Kalite Y\u00f6netim Birimi taraf\u0131ndan haz\u0131rlanan 4. Geleneksel Kalite Te\u015fekk\u00fcr belgesi t\u00f6reni Ba\u015fhekimlik Toplant\u0131 Salonunda ger\u00e7ekle\u015ftirildi.<br \/>\n<br \/>Yata\u011fan Ek Hizmet binas\u0131nda g\u00f6rev yapan sa\u011fl\u0131k \u00e7al\u0131\u015fanlar\u0131 da Hem\u015firelik Haftas\u0131 kutlama program\u0131 kapsam\u0131nda ziyaret edildi. Emeklili\u011fi hak eden hem\u015firelere Ba\u015fhekim yard\u0131mc\u0131s\u0131 Uz. Dr. Hur\u015fide Uslu ve y\u00f6netim ekibi taraf\u0131ndan te\u015fekk\u00fcr belgeleri verildi.<br \/><\/p>\n","protected":false},"excerpt":{"rendered":"<p>12-18 May\u0131s Hem\u015fireler Haftas\u0131 kapsam\u0131nda Mu\u011fla E\u011fitim ve Ara\u015ft\u0131rma Hastanesinde etkinlik d\u00fczenlendi. Etkinlikte geleneksel kalite ve emeklilikleri gelen hem\u015firelere de te\u015fekk\u00fcr belgeleri verildi. Programda konu\u015fan ba\u015fhekim yard\u0131mc\u0131s\u0131 Uz. Dr. Eda \u00d6zlek, &#8220;Sa\u011fl\u0131k hizmeti sunumunun vazge\u00e7ilmez birer par\u00e7as\u0131 olarak pandemide, do\u011fal afetlerde her zaman omuz omuza \u00e7al\u0131\u015fmaktan gurur ve onur duydu\u011fumuz, bireyin, ailenin ve toplumun sa\u011fl\u0131\u011f\u0131n\u0131&#8230;<\/p>\n","protected":false},"author":1,"featured_media":28537,"comment_status":"open","ping_status":"open","sticky":false,"template":"","format":"standard","meta":{"_crdt_document":"","footnotes":""},"categories":[2],"tags":[],"class_list":["post-28536","post","type-post","status-publish","format-standard","has-post-thumbnail","hentry","category-saglik"],"_links":{"self":[{"href":"https:\/\/www.egemtv.com\/index.php?rest_route=\/wp\/v2\/posts\/28536","targetHints":{"allow":["GET"]}}],"collection":[{"href":"https:\/\/www.egemtv.com\/index.php?rest_route=\/wp\/v2\/posts"}],"about":[{"href":"https:\/\/www.egemtv.com\/index.php?rest_route=\/wp\/v2\/types\/post"}],"author":[{"embeddable":true,"href":"https:\/\/www.egemtv.com\/index.php?rest_route=\/wp\/v2\/users\/1"}],"replies":[{"embeddable":true,"href":"https:\/\/www.egemtv.com\/index.php?rest_route=%2Fwp%2Fv2%2Fcomments&post=28536"}],"version-history":[{"count":1,"href":"https:\/\/www.egemtv.com\/index.php?rest_route=\/wp\/v2\/posts\/28536\/revisions"}],"predecessor-version":[{"id":28538,"href":"https:\/\/www.egemtv.com\/index.php?rest_route=\/wp\/v2\/posts\/28536\/revisions\/28538"}],"wp:featuredmedia":[{"embeddable":true,"href":"https:\/\/www.egemtv.com\/index.php?rest_route=\/wp\/v2\/media\/28537"}],"wp:attachment":[{"href":"https:\/\/www.egemtv.com\/index.php?rest_route=%2Fwp%2Fv2%2Fmedia&parent=28536"}],"wp:term":[{"taxonomy":"category","embeddable":true,"href":"https:\/\/www.egemtv.com\/index.php?rest_route=%2Fwp%2Fv2%2Fcategories&post=28536"},{"taxonomy":"post_tag","embeddable":true,"href":"https:\/\/www.egemtv.com\/index.php?rest_route=%2Fwp%2Fv2%2Ftags&post=28536"}],"curies":[{"name":"wp","href":"https:\/\/api.w.org\/{rel}","templated":true}]}}