{"id":28533,"date":"2025-05-14T02:54:33","date_gmt":"2025-05-13T23:54:33","guid":{"rendered":"https:\/\/www.egemtv.com\/?p=28533"},"modified":"2025-05-14T02:54:34","modified_gmt":"2025-05-13T23:54:34","slug":"mugla-valisi-akbiyik-herhangi-bir-olumsuzluk-yasanmamistir","status":"publish","type":"post","link":"https:\/\/www.egemtv.com\/?p=28533","title":{"rendered":"Mu\u011fla Valisi Akb\u0131y\u0131k: &#8220;Herhangi bir olumsuzluk ya\u015fanmam\u0131\u015ft\u0131r&#8221;"},"content":{"rendered":"<p>Akdeniz a\u00e7\u0131klar\u0131nda meydana gelen ve Mu\u011fla\u2019da hissedilen depremin ard\u0131ndan a\u00e7\u0131klama yapan Mu\u011fla Valisi \u0130dris Akb\u0131y\u0131k; &#8220;Herhangi bir olumsuzluk ya\u015fanmam\u0131\u015ft\u0131r, geli\u015fmeler yak\u0131ndan takip edilmektedir&#8221; dedi.<\/p>\n<p>Afet ve Acil Durum Y\u00f6netimi Ba\u015fkanl\u0131\u011f\u0131 (AFAD) verilerine g\u00f6re, 14 May\u0131s 2025 \u00c7ar\u015famba g\u00fcn\u00fc saat 01.52\u2019de Ege Denizi\u2019nde, Mu\u011fla\u2019n\u0131n Dat\u00e7a il\u00e7esi a\u00e7\u0131klar\u0131nda 6.0 (Mw) b\u00fcy\u00fckl\u00fc\u011f\u00fcnde bir deprem meydana geldi. Depremin merkez \u00fcss\u00fcn\u00fcn Dat\u00e7a\u2019ya yakla\u015f\u0131k 155 kilometre uzakl\u0131kta ve 20 kilometre derinlikte oldu\u011fu bildirildi. Depremin ard\u0131ndan Mu\u011fla Valisi Dr. \u0130dris Akb\u0131y\u0131k, sosyal medya \u00fczerinden yapt\u0131\u011f\u0131 a\u00e7\u0131klamada &#8220;\u0130limiz Dat\u00e7a il\u00e7esi a\u00e7\u0131klar\u0131nda Ege Denizi\u2019nde meydana gelen deprem sebebiyle herhangi bir olumsuzluk ya\u015fanmam\u0131\u015ft\u0131r. 112 Acil \u00c7a\u011fr\u0131 Merkezi, b\u00f6lge jandarma unsurlar\u0131 ve muhtarl\u0131klarla ileti\u015fim kanallar\u0131 a\u00e7\u0131k olup, geli\u015fmeler yak\u0131ndan takip edilmektedir&#8221; ifadelerine yer verdi.<\/p>\n<p>Valilik ve ilgili birimlerin b\u00f6lgede durumu anl\u0131k olarak izlemeye devam etti\u011fi, muhtemel bir risk durumuna kar\u015f\u0131 t\u00fcm \u00f6nlemlerin al\u0131nd\u0131\u011f\u0131 belirtildi.<br \/><\/p>\n","protected":false},"excerpt":{"rendered":"<p>Akdeniz a\u00e7\u0131klar\u0131nda meydana gelen ve Mu\u011fla\u2019da hissedilen depremin ard\u0131ndan a\u00e7\u0131klama yapan Mu\u011fla Valisi \u0130dris Akb\u0131y\u0131k; &#8220;Herhangi bir olumsuzluk ya\u015fanmam\u0131\u015ft\u0131r, geli\u015fmeler yak\u0131ndan takip edilmektedir&#8221; dedi. Afet ve Acil Durum Y\u00f6netimi Ba\u015fkanl\u0131\u011f\u0131 (AFAD) verilerine g\u00f6re, 14 May\u0131s 2025 \u00c7ar\u015famba g\u00fcn\u00fc saat 01.52\u2019de Ege Denizi\u2019nde, Mu\u011fla\u2019n\u0131n Dat\u00e7a il\u00e7esi a\u00e7\u0131klar\u0131nda 6.0 (Mw) b\u00fcy\u00fckl\u00fc\u011f\u00fcnde bir deprem meydana geldi. Depremin merkez&#8230;<\/p>\n","protected":false},"author":1,"featured_media":28534,"comment_status":"open","ping_status":"open","sticky":false,"template":"","format":"standard","meta":{"_crdt_document":"","footnotes":""},"categories":[1],"tags":[],"class_list":["post-28533","post","type-post","status-publish","format-standard","has-post-thumbnail","hentry","category-guncel"],"_links":{"self":[{"href":"https:\/\/www.egemtv.com\/index.php?rest_route=\/wp\/v2\/posts\/28533","targetHints":{"allow":["GET"]}}],"collection":[{"href":"https:\/\/www.egemtv.com\/index.php?rest_route=\/wp\/v2\/posts"}],"about":[{"href":"https:\/\/www.egemtv.com\/index.php?rest_route=\/wp\/v2\/types\/post"}],"author":[{"embeddable":true,"href":"https:\/\/www.egemtv.com\/index.php?rest_route=\/wp\/v2\/users\/1"}],"replies":[{"embeddable":true,"href":"https:\/\/www.egemtv.com\/index.php?rest_route=%2Fwp%2Fv2%2Fcomments&post=28533"}],"version-history":[{"count":1,"href":"https:\/\/www.egemtv.com\/index.php?rest_route=\/wp\/v2\/posts\/28533\/revisions"}],"predecessor-version":[{"id":28535,"href":"https:\/\/www.egemtv.com\/index.php?rest_route=\/wp\/v2\/posts\/28533\/revisions\/28535"}],"wp:featuredmedia":[{"embeddable":true,"href":"https:\/\/www.egemtv.com\/index.php?rest_route=\/wp\/v2\/media\/28534"}],"wp:attachment":[{"href":"https:\/\/www.egemtv.com\/index.php?rest_route=%2Fwp%2Fv2%2Fmedia&parent=28533"}],"wp:term":[{"taxonomy":"category","embeddable":true,"href":"https:\/\/www.egemtv.com\/index.php?rest_route=%2Fwp%2Fv2%2Fcategories&post=28533"},{"taxonomy":"post_tag","embeddable":true,"href":"https:\/\/www.egemtv.com\/index.php?rest_route=%2Fwp%2Fv2%2Ftags&post=28533"}],"curies":[{"name":"wp","href":"https:\/\/api.w.org\/{rel}","templated":true}]}}