{"id":28530,"date":"2025-05-14T02:34:48","date_gmt":"2025-05-13T23:34:48","guid":{"rendered":"https:\/\/www.egemtv.com\/?p=28530"},"modified":"2025-05-14T02:34:50","modified_gmt":"2025-05-13T23:34:50","slug":"akdenizdeki-6-buyuklugundeki-deprem-muglada-hissedildi","status":"publish","type":"post","link":"https:\/\/www.egemtv.com\/?p=28530","title":{"rendered":"Akdeniz\u2019deki 6 b\u00fcy\u00fckl\u00fc\u011f\u00fcndeki deprem Mu\u011fla\u2019da hissedildi"},"content":{"rendered":"<p>Akdeniz a\u00e7\u0131klar\u0131ndaki 6 b\u00fcy\u00fckl\u00fc\u011f\u00fcndeki deprem Mu\u011fla ve \u00e7evre illerde de hafif \u015fekilde hissedildi.<br \/>\n<br \/>Afet ve Acil Durum Y\u00f6netimi Ba\u015fkanl\u0131\u011f\u0131 (AFAD) verilerine g\u00f6re saat 01.52\u2019de yerin 20.41 kilometre derinli\u011finde merkez \u00fcss\u00fc Akdeniz a\u00e7\u0131klar\u0131 olan 6 b\u00fcy\u00fckl\u00fc\u011f\u00fcnde deprem meydana geldi. Deprem Mu\u011fla genelinde ve \u00e7evre illerde hafif \u015fekilde hissedildi. Meydana gelen deprem nedeniyle herhangi bir olumsuzlu\u011fun ya\u015fanmad\u0131\u011f\u0131 \u00f6\u011frenildi.<br \/><\/p>\n","protected":false},"excerpt":{"rendered":"<p>Akdeniz a\u00e7\u0131klar\u0131ndaki 6 b\u00fcy\u00fckl\u00fc\u011f\u00fcndeki deprem Mu\u011fla ve \u00e7evre illerde de hafif \u015fekilde hissedildi. Afet ve Acil Durum Y\u00f6netimi Ba\u015fkanl\u0131\u011f\u0131 (AFAD) verilerine g\u00f6re saat 01.52\u2019de yerin 20.41 kilometre derinli\u011finde merkez \u00fcss\u00fc Akdeniz a\u00e7\u0131klar\u0131 olan 6 b\u00fcy\u00fckl\u00fc\u011f\u00fcnde deprem meydana geldi. Deprem Mu\u011fla genelinde ve \u00e7evre illerde hafif \u015fekilde hissedildi. Meydana gelen deprem nedeniyle herhangi bir olumsuzlu\u011fun ya\u015fanmad\u0131\u011f\u0131&#8230;<\/p>\n","protected":false},"author":1,"featured_media":28531,"comment_status":"open","ping_status":"open","sticky":false,"template":"","format":"standard","meta":{"_crdt_document":"","footnotes":""},"categories":[5],"tags":[],"class_list":["post-28530","post","type-post","status-publish","format-standard","has-post-thumbnail","hentry","category-asayis"],"_links":{"self":[{"href":"https:\/\/www.egemtv.com\/index.php?rest_route=\/wp\/v2\/posts\/28530","targetHints":{"allow":["GET"]}}],"collection":[{"href":"https:\/\/www.egemtv.com\/index.php?rest_route=\/wp\/v2\/posts"}],"about":[{"href":"https:\/\/www.egemtv.com\/index.php?rest_route=\/wp\/v2\/types\/post"}],"author":[{"embeddable":true,"href":"https:\/\/www.egemtv.com\/index.php?rest_route=\/wp\/v2\/users\/1"}],"replies":[{"embeddable":true,"href":"https:\/\/www.egemtv.com\/index.php?rest_route=%2Fwp%2Fv2%2Fcomments&post=28530"}],"version-history":[{"count":1,"href":"https:\/\/www.egemtv.com\/index.php?rest_route=\/wp\/v2\/posts\/28530\/revisions"}],"predecessor-version":[{"id":28532,"href":"https:\/\/www.egemtv.com\/index.php?rest_route=\/wp\/v2\/posts\/28530\/revisions\/28532"}],"wp:featuredmedia":[{"embeddable":true,"href":"https:\/\/www.egemtv.com\/index.php?rest_route=\/wp\/v2\/media\/28531"}],"wp:attachment":[{"href":"https:\/\/www.egemtv.com\/index.php?rest_route=%2Fwp%2Fv2%2Fmedia&parent=28530"}],"wp:term":[{"taxonomy":"category","embeddable":true,"href":"https:\/\/www.egemtv.com\/index.php?rest_route=%2Fwp%2Fv2%2Fcategories&post=28530"},{"taxonomy":"post_tag","embeddable":true,"href":"https:\/\/www.egemtv.com\/index.php?rest_route=%2Fwp%2Fv2%2Ftags&post=28530"}],"curies":[{"name":"wp","href":"https:\/\/api.w.org\/{rel}","templated":true}]}}