{"id":28362,"date":"2025-05-13T12:16:58","date_gmt":"2025-05-13T09:16:58","guid":{"rendered":"https:\/\/www.egemtv.com\/?p=28362"},"modified":"2025-05-13T12:17:03","modified_gmt":"2025-05-13T09:17:03","slug":"aliaga-fkda-kadro-planlamasi-basladi","status":"publish","type":"post","link":"https:\/\/www.egemtv.com\/?p=28362","title":{"rendered":"Alia\u011fa FK\u2019da kadro planlamas\u0131 ba\u015flad\u0131"},"content":{"rendered":"<p>Alia\u011fa FK, yeni sezon haz\u0131rl\u0131klar\u0131 kapsam\u0131nda 6 oyuncu ile birden yollar\u0131n\u0131n ayr\u0131ld\u0131\u011f\u0131n\u0131 sosyal medya hesaplar\u0131ndan duyurdu.<br \/>\n<br \/>TFF 3. Lig 3. Grup\u2019ta yenilgisiz bir \u015fekilde \u015fampiyon olarak 2. Lig\u2019e y\u00fckselen Alia\u011fa FK, yeni sezon kadro planlamas\u0131 haz\u0131rl\u0131klar\u0131na ba\u015flad\u0131. \u0130zmir ekibi, bu kapsamda 6 oyuncusu ile yollar\u0131n\u0131 ay\u0131rma karar\u0131 ald\u0131. Sosyal medya hesaplar\u0131ndan duyuru yapan Alia\u011fa FK; Eray Akar, Berk Ali Nizam, Ahmet Uzun, Adnan Demir, Mert Alt\u0131n\u00f6z ve Muhammed D\u00fczg\u00fcner\u2019e katk\u0131lar\u0131ndan dolay\u0131 te\u015fekk\u00fcr edip, futbol kariyerlerinde ba\u015far\u0131lar diledi.<br \/>\n<br \/>\u0130zmir ekibinin transfer d\u00f6neminin a\u00e7\u0131lmas\u0131yla birlikte takviyelere ba\u015flayaca\u011f\u0131 da ifade edildi.<br \/><\/p>\n","protected":false},"excerpt":{"rendered":"<p>Alia\u011fa FK, yeni sezon haz\u0131rl\u0131klar\u0131 kapsam\u0131nda 6 oyuncu ile birden yollar\u0131n\u0131n ayr\u0131ld\u0131\u011f\u0131n\u0131 sosyal medya hesaplar\u0131ndan duyurdu. TFF 3. Lig 3. Grup\u2019ta yenilgisiz bir \u015fekilde \u015fampiyon olarak 2. Lig\u2019e y\u00fckselen Alia\u011fa FK, yeni sezon kadro planlamas\u0131 haz\u0131rl\u0131klar\u0131na ba\u015flad\u0131. \u0130zmir ekibi, bu kapsamda 6 oyuncusu ile yollar\u0131n\u0131 ay\u0131rma karar\u0131 ald\u0131. Sosyal medya hesaplar\u0131ndan duyuru yapan Alia\u011fa FK;&#8230;<\/p>\n","protected":false},"author":1,"featured_media":28363,"comment_status":"open","ping_status":"open","sticky":false,"template":"","format":"standard","meta":{"_crdt_document":"","footnotes":""},"categories":[4],"tags":[],"class_list":["post-28362","post","type-post","status-publish","format-standard","has-post-thumbnail","hentry","category-spor"],"_links":{"self":[{"href":"https:\/\/www.egemtv.com\/index.php?rest_route=\/wp\/v2\/posts\/28362","targetHints":{"allow":["GET"]}}],"collection":[{"href":"https:\/\/www.egemtv.com\/index.php?rest_route=\/wp\/v2\/posts"}],"about":[{"href":"https:\/\/www.egemtv.com\/index.php?rest_route=\/wp\/v2\/types\/post"}],"author":[{"embeddable":true,"href":"https:\/\/www.egemtv.com\/index.php?rest_route=\/wp\/v2\/users\/1"}],"replies":[{"embeddable":true,"href":"https:\/\/www.egemtv.com\/index.php?rest_route=%2Fwp%2Fv2%2Fcomments&post=28362"}],"version-history":[{"count":1,"href":"https:\/\/www.egemtv.com\/index.php?rest_route=\/wp\/v2\/posts\/28362\/revisions"}],"predecessor-version":[{"id":28364,"href":"https:\/\/www.egemtv.com\/index.php?rest_route=\/wp\/v2\/posts\/28362\/revisions\/28364"}],"wp:featuredmedia":[{"embeddable":true,"href":"https:\/\/www.egemtv.com\/index.php?rest_route=\/wp\/v2\/media\/28363"}],"wp:attachment":[{"href":"https:\/\/www.egemtv.com\/index.php?rest_route=%2Fwp%2Fv2%2Fmedia&parent=28362"}],"wp:term":[{"taxonomy":"category","embeddable":true,"href":"https:\/\/www.egemtv.com\/index.php?rest_route=%2Fwp%2Fv2%2Fcategories&post=28362"},{"taxonomy":"post_tag","embeddable":true,"href":"https:\/\/www.egemtv.com\/index.php?rest_route=%2Fwp%2Fv2%2Ftags&post=28362"}],"curies":[{"name":"wp","href":"https:\/\/api.w.org\/{rel}","templated":true}]}}