{"id":28356,"date":"2025-05-13T12:16:49","date_gmt":"2025-05-13T09:16:49","guid":{"rendered":"https:\/\/www.egemtv.com\/?p=28356"},"modified":"2025-05-13T12:16:54","modified_gmt":"2025-05-13T09:16:54","slug":"okul-sporlari-futbol-yildizlar-turkiye-yari-finalleri-manisada-basladi","status":"publish","type":"post","link":"https:\/\/www.egemtv.com\/?p=28356","title":{"rendered":"Okul Sporlar\u0131 Futbol Y\u0131ld\u0131zlar T\u00fcrkiye Yar\u0131 Finalleri Manisa\u2019da ba\u015flad\u0131"},"content":{"rendered":"<p>Gen\u00e7lik ve Spor Bakanl\u0131\u011f\u0131 taraf\u0131ndan d\u00fczenlenen Okul Sporlar\u0131 Futbol Y\u0131ld\u0131z K\u0131zlar ve Erkekler T\u00fcrkiye Yar\u0131 Final M\u00fcsabakalar\u0131, Manisa\u2019n\u0131n ev sahipli\u011finde ba\u015flad\u0131.<br \/>\n<br \/>Manisa Gen\u00e7lik ve Spor \u0130l M\u00fcd\u00fcrl\u00fc\u011f\u00fc koordinesinde ger\u00e7ekle\u015ftirilen organizasyon, 8 Eyl\u00fcl ve Muradiye futbol sahalar\u0131nda oynanan ma\u00e7larla ba\u015flad\u0131. Turnuvaya Antalya, \u0130stanbul, Konya, Isparta, Eski\u015fehir, Aksaray, Mersin, U\u015fak ve \u0130zmir illerinden toplam 9 erkek ve 7 k\u0131z futbol tak\u0131m\u0131 kat\u0131ld\u0131. Tak\u0131mlar, T\u00fcrkiye Finalleri\u2019ne y\u00fckselebilmek i\u00e7in k\u0131yas\u0131ya m\u00fccadele ediyor. Y\u0131ld\u0131z k\u0131zlar ve y\u0131ld\u0131z erkekler kategorilerinde oynanan kar\u015f\u0131la\u015fmalarda, grup a\u015famas\u0131n\u0131 ilk iki s\u0131rada tamamlayan tak\u0131mlar T\u00fcrkiye Birincili\u011fi Finallerine kat\u0131lma hakk\u0131 elde edecek. M\u00fcsabakalar\u0131n a\u00e7\u0131l\u0131\u015f seremonisi, 8 Eyl\u00fcl Futbol Sahas\u0131\u2019nda ger\u00e7ekle\u015ftirildi. T\u00f6rene Okul Sporlar\u0131 \u015eube M\u00fcd\u00fcr\u00fc Fatih Umut Alt\u0131n\u0131\u015f\u0131k, antren\u00f6rler ve sporcular kat\u0131ld\u0131. Manisa Gen\u00e7lik ve Spor \u0130l M\u00fcd\u00fcr\u00fc Yunus \u00d6zt\u00fcrk, bu \u00f6nemli organizasyona ev sahipli\u011fi yapmaktan b\u00fcy\u00fck memnuniyet duyduklar\u0131n\u0131 belirterek \u015funlar\u0131 s\u00f6yledi: &#8220;Okul sporlar\u0131, gen\u00e7lerimizin erken ya\u015fta sporla tan\u0131\u015fmalar\u0131n\u0131 sa\u011flayarak hem fiziksel hem de sosyal geli\u015fimlerine katk\u0131 sunuyor. Bu t\u00fcr organizasyonlar, sporun tabana yay\u0131lmas\u0131, \u00e7ocuklar\u0131m\u0131z\u0131n sporda ba\u015far\u0131 elde etmesi ve sa\u011fl\u0131kl\u0131 bireyler olarak yeti\u015fmesi a\u00e7\u0131s\u0131ndan b\u00fcy\u00fck \u00f6nem ta\u015f\u0131yor. Manisa olarak her zaman spora ve sporcuya destek vermeye devam edece\u011fiz&#8221;<br \/>\n<br \/>\u0130l M\u00fcd\u00fcr\u00fc \u00d6zt\u00fcrk, ayr\u0131ca m\u00fcsabakalarda ter d\u00f6ken t\u00fcm sporcu \u00f6\u011frencilere, onlar\u0131n antren\u00f6rlerine ve organizasyonda eme\u011fi ge\u00e7en herkese te\u015fekk\u00fcr ederek ba\u015far\u0131lar diledi.<br \/><\/p>\n","protected":false},"excerpt":{"rendered":"<p>Gen\u00e7lik ve Spor Bakanl\u0131\u011f\u0131 taraf\u0131ndan d\u00fczenlenen Okul Sporlar\u0131 Futbol Y\u0131ld\u0131z K\u0131zlar ve Erkekler T\u00fcrkiye Yar\u0131 Final M\u00fcsabakalar\u0131, Manisa\u2019n\u0131n ev sahipli\u011finde ba\u015flad\u0131. Manisa Gen\u00e7lik ve Spor \u0130l M\u00fcd\u00fcrl\u00fc\u011f\u00fc koordinesinde ger\u00e7ekle\u015ftirilen organizasyon, 8 Eyl\u00fcl ve Muradiye futbol sahalar\u0131nda oynanan ma\u00e7larla ba\u015flad\u0131. Turnuvaya Antalya, \u0130stanbul, Konya, Isparta, Eski\u015fehir, Aksaray, Mersin, U\u015fak ve \u0130zmir illerinden toplam 9 erkek ve&#8230;<\/p>\n","protected":false},"author":1,"featured_media":28357,"comment_status":"open","ping_status":"open","sticky":false,"template":"","format":"standard","meta":{"_crdt_document":"","footnotes":""},"categories":[4],"tags":[],"class_list":["post-28356","post","type-post","status-publish","format-standard","has-post-thumbnail","hentry","category-spor"],"_links":{"self":[{"href":"https:\/\/www.egemtv.com\/index.php?rest_route=\/wp\/v2\/posts\/28356","targetHints":{"allow":["GET"]}}],"collection":[{"href":"https:\/\/www.egemtv.com\/index.php?rest_route=\/wp\/v2\/posts"}],"about":[{"href":"https:\/\/www.egemtv.com\/index.php?rest_route=\/wp\/v2\/types\/post"}],"author":[{"embeddable":true,"href":"https:\/\/www.egemtv.com\/index.php?rest_route=\/wp\/v2\/users\/1"}],"replies":[{"embeddable":true,"href":"https:\/\/www.egemtv.com\/index.php?rest_route=%2Fwp%2Fv2%2Fcomments&post=28356"}],"version-history":[{"count":1,"href":"https:\/\/www.egemtv.com\/index.php?rest_route=\/wp\/v2\/posts\/28356\/revisions"}],"predecessor-version":[{"id":28358,"href":"https:\/\/www.egemtv.com\/index.php?rest_route=\/wp\/v2\/posts\/28356\/revisions\/28358"}],"wp:featuredmedia":[{"embeddable":true,"href":"https:\/\/www.egemtv.com\/index.php?rest_route=\/wp\/v2\/media\/28357"}],"wp:attachment":[{"href":"https:\/\/www.egemtv.com\/index.php?rest_route=%2Fwp%2Fv2%2Fmedia&parent=28356"}],"wp:term":[{"taxonomy":"category","embeddable":true,"href":"https:\/\/www.egemtv.com\/index.php?rest_route=%2Fwp%2Fv2%2Fcategories&post=28356"},{"taxonomy":"post_tag","embeddable":true,"href":"https:\/\/www.egemtv.com\/index.php?rest_route=%2Fwp%2Fv2%2Ftags&post=28356"}],"curies":[{"name":"wp","href":"https:\/\/api.w.org\/{rel}","templated":true}]}}