{"id":28353,"date":"2025-05-13T11:36:29","date_gmt":"2025-05-13T08:36:29","guid":{"rendered":"https:\/\/www.egemtv.com\/?p=28353"},"modified":"2025-05-13T11:36:33","modified_gmt":"2025-05-13T08:36:33","slug":"ak-parti-kutahya-il-genclik-kollarindan-anneler-gunu-surprizi","status":"publish","type":"post","link":"https:\/\/www.egemtv.com\/?p=28353","title":{"rendered":"AK Parti K\u00fctahya \u0130l Gen\u00e7lik Kollar\u0131\u2019ndan Anneler G\u00fcn\u00fc s\u00fcrprizi"},"content":{"rendered":"<p>AK Parti K\u00fctahya \u0130l Gen\u00e7lik Kollar\u0131, Anneler G\u00fcn\u00fc dolay\u0131s\u0131yla \u0130l Y\u00f6netim Kurulu Toplant\u0131s\u0131\u2019na s\u00fcrpriz bir ziyaret ger\u00e7ekle\u015ftirdi. Gen\u00e7lik Kollar\u0131, toplant\u0131ya kat\u0131lan bayanlara \u00e7i\u00e7ek takdim ederek Anneler G\u00fcn\u00fc\u2019n\u00fc kutlad\u0131.<br \/>\n<br \/>AK Parti K\u00fctahya \u0130l Ba\u015fkan\u0131 Ceyda \u00c7etin Erenler ba\u015fkanl\u0131\u011f\u0131nda d\u00fcn d\u00fczenlenen toplant\u0131ya s\u00fcrpriz bir ziyaret yapan gen\u00e7lik kollar\u0131 \u00fcyeleri, s\u0131cak ve anlaml\u0131 anlar\u0131n ya\u015fanmas\u0131na vesile oldu. Ziyarette, AK Parti K\u00fctahya \u0130l Gen\u00e7lik Kollar\u0131 Ba\u015fkan\u0131 Ali G\u00f6ktekin, \u00e7i\u00e7e\u011fi bizzat \u0130l Ba\u015fkan\u0131 Ceyda \u00c7etin Erenler\u2019e takdim etti.<br \/>\n<br \/>Kad\u0131n Kollar\u0131 Ba\u015fkan\u0131 Sevde Nur Karabacak \u00c7ak\u0131c\u0131 ba\u015fta olmak \u00fczere toplant\u0131ya kat\u0131lan t\u00fcm kad\u0131nlara da \u00e7i\u00e7ekler ula\u015ft\u0131r\u0131ld\u0131. Ziyaret s\u0131ras\u0131nda duygu dolu anlar ya\u015fan\u0131rken, annelerin y\u00fcz\u00fcndeki tebess\u00fcm g\u00fcne damgas\u0131n\u0131 vurdu.<br \/>\n<br \/>Ba\u015fkan Ali G\u00f6ktekin, &#8220;G\u00fcl\u00fcmseyen her anne, dualar\u0131m\u0131z\u0131n kar\u015f\u0131l\u0131\u011f\u0131d\u0131r. Annelerimizin y\u00fcz\u00fcnde bir tebess\u00fcm b\u0131rakabildiysek, ne mutlu bize. \u00c7\u00fcnk\u00fc biz; sevgiyi, sayg\u0131y\u0131, vefay\u0131 esas alan bir gen\u00e7li\u011fiz. Dualar\u0131n\u0131 ald\u0131k, y\u00fcreklere dokunduk. Durmak yok, g\u00f6n\u00fcllere dokunmaya devam&#8221; ifadelerini kulland\u0131.<br \/>\n<br \/>Faaliyet, AK Parti K\u00fctahya Gen\u00e7lik Kollar\u0131\u2019n\u0131n toplumun her kesimine y\u00f6nelik duyarl\u0131l\u0131\u011f\u0131n\u0131 bir kez daha g\u00f6zler \u00f6n\u00fcne serdi.<br \/><\/p>\n","protected":false},"excerpt":{"rendered":"<p>AK Parti K\u00fctahya \u0130l Gen\u00e7lik Kollar\u0131, Anneler G\u00fcn\u00fc dolay\u0131s\u0131yla \u0130l Y\u00f6netim Kurulu Toplant\u0131s\u0131\u2019na s\u00fcrpriz bir ziyaret ger\u00e7ekle\u015ftirdi. Gen\u00e7lik Kollar\u0131, toplant\u0131ya kat\u0131lan bayanlara \u00e7i\u00e7ek takdim ederek Anneler G\u00fcn\u00fc\u2019n\u00fc kutlad\u0131. AK Parti K\u00fctahya \u0130l Ba\u015fkan\u0131 Ceyda \u00c7etin Erenler ba\u015fkanl\u0131\u011f\u0131nda d\u00fcn d\u00fczenlenen toplant\u0131ya s\u00fcrpriz bir ziyaret yapan gen\u00e7lik kollar\u0131 \u00fcyeleri, s\u0131cak ve anlaml\u0131 anlar\u0131n ya\u015fanmas\u0131na vesile oldu. Ziyarette,&#8230;<\/p>\n","protected":false},"author":1,"featured_media":28354,"comment_status":"open","ping_status":"open","sticky":false,"template":"","format":"standard","meta":{"_crdt_document":"","footnotes":""},"categories":[123],"tags":[],"class_list":["post-28353","post","type-post","status-publish","format-standard","has-post-thumbnail","hentry","category-gundem"],"_links":{"self":[{"href":"https:\/\/www.egemtv.com\/index.php?rest_route=\/wp\/v2\/posts\/28353","targetHints":{"allow":["GET"]}}],"collection":[{"href":"https:\/\/www.egemtv.com\/index.php?rest_route=\/wp\/v2\/posts"}],"about":[{"href":"https:\/\/www.egemtv.com\/index.php?rest_route=\/wp\/v2\/types\/post"}],"author":[{"embeddable":true,"href":"https:\/\/www.egemtv.com\/index.php?rest_route=\/wp\/v2\/users\/1"}],"replies":[{"embeddable":true,"href":"https:\/\/www.egemtv.com\/index.php?rest_route=%2Fwp%2Fv2%2Fcomments&post=28353"}],"version-history":[{"count":1,"href":"https:\/\/www.egemtv.com\/index.php?rest_route=\/wp\/v2\/posts\/28353\/revisions"}],"predecessor-version":[{"id":28355,"href":"https:\/\/www.egemtv.com\/index.php?rest_route=\/wp\/v2\/posts\/28353\/revisions\/28355"}],"wp:featuredmedia":[{"embeddable":true,"href":"https:\/\/www.egemtv.com\/index.php?rest_route=\/wp\/v2\/media\/28354"}],"wp:attachment":[{"href":"https:\/\/www.egemtv.com\/index.php?rest_route=%2Fwp%2Fv2%2Fmedia&parent=28353"}],"wp:term":[{"taxonomy":"category","embeddable":true,"href":"https:\/\/www.egemtv.com\/index.php?rest_route=%2Fwp%2Fv2%2Fcategories&post=28353"},{"taxonomy":"post_tag","embeddable":true,"href":"https:\/\/www.egemtv.com\/index.php?rest_route=%2Fwp%2Fv2%2Ftags&post=28353"}],"curies":[{"name":"wp","href":"https:\/\/api.w.org\/{rel}","templated":true}]}}