{"id":28311,"date":"2025-05-13T10:16:39","date_gmt":"2025-05-13T07:16:39","guid":{"rendered":"https:\/\/www.egemtv.com\/?p=28311"},"modified":"2025-05-13T10:16:47","modified_gmt":"2025-05-13T07:16:47","slug":"100-kilogram-sagliksiz-midyeye-el-konuldu","status":"publish","type":"post","link":"https:\/\/www.egemtv.com\/?p=28311","title":{"rendered":"100 Kilogram sa\u011fl\u0131ks\u0131z midyeye el konuldu"},"content":{"rendered":"<p>Mu\u011fla B\u00fcy\u00fck\u015fehir Belediyesi \u015eehirler Aras\u0131 Otob\u00fcs Terminali\u2019nde, Zab\u0131ta M\u00fcd\u00fcrl\u00fc\u011f\u00fc ekiplerine gelen ihbar \u00fczerine yap\u0131lan denetimde, bilet sat\u0131\u015f alan\u0131 \u00f6n\u00fcnde so\u011fuk zinciri bozulmu\u015f halde yakla\u015f\u0131k 100 kilogram i\u015flenmi\u015f midye ele ge\u00e7irildi.<br \/>\n<br \/>\u0130hbar \u00fczerine harekete ge\u00e7en zab\u0131ta ekipleri, halk sa\u011fl\u0131\u011f\u0131n\u0131 tehdit edebilecek \u00fcr\u00fcnlere y\u00f6nelik yapt\u0131\u011f\u0131 kontrollerde, uygun olmayan \u015fartlarda ta\u015f\u0131nan i\u015flenmi\u015f midyeleri tespit etti. Durumu Mente\u015fe \u0130l\u00e7e Tar\u0131m ve Orman M\u00fcd\u00fcrl\u00fc\u011f\u00fc\u2019ne bildirilmesi \u00fczerine olay yerine gelen tar\u0131m ekipleri, i\u015flenmi\u015f midyelere el koyarak imha edilmek \u00fczere i\u015flem ba\u015flatt\u0131.<br \/>\n<br \/>Yetkililer, vatanda\u015flar\u0131 sa\u011fl\u0131ks\u0131z g\u0131da \u00fcr\u00fcnleri konusunda duyarl\u0131 olmaya davet ederken, denetimlerin aral\u0131ks\u0131z s\u00fcrece\u011fini belirtti.<br \/><\/p>\n","protected":false},"excerpt":{"rendered":"<p>Mu\u011fla B\u00fcy\u00fck\u015fehir Belediyesi \u015eehirler Aras\u0131 Otob\u00fcs Terminali\u2019nde, Zab\u0131ta M\u00fcd\u00fcrl\u00fc\u011f\u00fc ekiplerine gelen ihbar \u00fczerine yap\u0131lan denetimde, bilet sat\u0131\u015f alan\u0131 \u00f6n\u00fcnde so\u011fuk zinciri bozulmu\u015f halde yakla\u015f\u0131k 100 kilogram i\u015flenmi\u015f midye ele ge\u00e7irildi. \u0130hbar \u00fczerine harekete ge\u00e7en zab\u0131ta ekipleri, halk sa\u011fl\u0131\u011f\u0131n\u0131 tehdit edebilecek \u00fcr\u00fcnlere y\u00f6nelik yapt\u0131\u011f\u0131 kontrollerde, uygun olmayan \u015fartlarda ta\u015f\u0131nan i\u015flenmi\u015f midyeleri tespit etti. Durumu Mente\u015fe \u0130l\u00e7e&#8230;<\/p>\n","protected":false},"author":1,"featured_media":28312,"comment_status":"open","ping_status":"open","sticky":false,"template":"","format":"standard","meta":{"_crdt_document":"","footnotes":""},"categories":[2],"tags":[],"class_list":["post-28311","post","type-post","status-publish","format-standard","has-post-thumbnail","hentry","category-saglik"],"_links":{"self":[{"href":"https:\/\/www.egemtv.com\/index.php?rest_route=\/wp\/v2\/posts\/28311","targetHints":{"allow":["GET"]}}],"collection":[{"href":"https:\/\/www.egemtv.com\/index.php?rest_route=\/wp\/v2\/posts"}],"about":[{"href":"https:\/\/www.egemtv.com\/index.php?rest_route=\/wp\/v2\/types\/post"}],"author":[{"embeddable":true,"href":"https:\/\/www.egemtv.com\/index.php?rest_route=\/wp\/v2\/users\/1"}],"replies":[{"embeddable":true,"href":"https:\/\/www.egemtv.com\/index.php?rest_route=%2Fwp%2Fv2%2Fcomments&post=28311"}],"version-history":[{"count":1,"href":"https:\/\/www.egemtv.com\/index.php?rest_route=\/wp\/v2\/posts\/28311\/revisions"}],"predecessor-version":[{"id":28313,"href":"https:\/\/www.egemtv.com\/index.php?rest_route=\/wp\/v2\/posts\/28311\/revisions\/28313"}],"wp:featuredmedia":[{"embeddable":true,"href":"https:\/\/www.egemtv.com\/index.php?rest_route=\/wp\/v2\/media\/28312"}],"wp:attachment":[{"href":"https:\/\/www.egemtv.com\/index.php?rest_route=%2Fwp%2Fv2%2Fmedia&parent=28311"}],"wp:term":[{"taxonomy":"category","embeddable":true,"href":"https:\/\/www.egemtv.com\/index.php?rest_route=%2Fwp%2Fv2%2Fcategories&post=28311"},{"taxonomy":"post_tag","embeddable":true,"href":"https:\/\/www.egemtv.com\/index.php?rest_route=%2Fwp%2Fv2%2Ftags&post=28311"}],"curies":[{"name":"wp","href":"https:\/\/api.w.org\/{rel}","templated":true}]}}