{"id":28305,"date":"2025-05-13T09:56:11","date_gmt":"2025-05-13T06:56:11","guid":{"rendered":"https:\/\/www.egemtv.com\/?p=28305"},"modified":"2025-05-13T09:56:16","modified_gmt":"2025-05-13T06:56:16","slug":"baskan-tetik-nazillide-engelsiz-bir-yasami-birlikte-insa-edecegiz","status":"publish","type":"post","link":"https:\/\/www.egemtv.com\/?p=28305","title":{"rendered":"Ba\u015fkan Tetik: &#8220;Nazilli\u2019de engelsiz bir ya\u015fam\u0131 birlikte in\u015fa edece\u011fiz&#8221;"},"content":{"rendered":"<p>Nazilli Belediye Ba\u015fkan\u0131 Dr. Ertu\u011frul Tetik, 10-16 May\u0131s Engelliler Haftas\u0131 dolay\u0131s\u0131yla Nazilli Bedensel Engelliler Derne\u011fi taraf\u0131ndan d\u00fczenlenen programa kat\u0131ld\u0131.<br \/>\n<br \/>Kat\u0131l\u0131m\u0131n yo\u011fun oldu\u011fu etkinlikte Ba\u015fkan Tetik, engellilerle ilgili \u00e7arp\u0131c\u0131 a\u00e7\u0131klamalarda bulundu ve Nazilli\u2019de ilk kez hayata ge\u00e7irilecek olan \u2018Engelliler Meclisi\u2019nin kurulaca\u011f\u0131n\u0131 m\u00fcjdeledi.<br \/>\n<br \/>Engelli bireylerin sorunlar\u0131na kal\u0131c\u0131 \u00e7\u00f6z\u00fcmler \u00fcretmek istediklerini vurgulayan Ba\u015fkan Tetik; &#8220;M\u00fcthi\u015f hizmetler yapaca\u011f\u0131z. Benim hizmet etmem, sizlerle birle\u015fti\u011fimizde \u00e7ok daha kolay olacak. 30\u2019uncu y\u0131l d\u00f6n\u00fcm\u00fcnde birle\u015felim. B\u00fct\u00fcn ba\u015fkanlar y\u00f6netim kurulunda olsun. Hep birlikte engelsiz bir Nazilli\u2019yi in\u015fa edelim&#8221; dedi.<br \/>\n<br \/>Ba\u015fkan Tetik, Nazilli\u2019de bir ilki ger\u00e7ekle\u015ftirerek Engelliler Meclisi kurulaca\u011f\u0131n\u0131 belirtti. Meclisin i\u015fleyi\u015fini belediye meclisine benzeten Tetik; &#8220;Nas\u0131l ki meclis \u00fcyelerimiz se\u00e7ilip karar al\u0131yorsa, nas\u0131l ki muhtarlar mahallelerinin sorunlar\u0131n\u0131 bana anlat\u0131yorsa engelli dostlar\u0131m\u0131z da bu mecliste sorunlar\u0131n\u0131 dile getirecek, biz de \u00e7\u00f6z\u00fcm \u00fcretece\u011fiz. Bu meclis sizlerin sesi olacak&#8221; ifadelerini kulland\u0131.<br \/>\n<br \/>Kat\u0131l\u0131mc\u0131lar\u0131n b\u00fcy\u00fck alk\u0131\u015f\u0131n\u0131 alan konu\u015fmas\u0131nda Tetik, &#8220;Siz emredeceksiniz, biz yapaca\u011f\u0131z. T\u00fcm engelli dostlar\u0131m, arkada\u015flar\u0131m ve y\u00f6netim kurulu \u00fcyelerimiz ba\u015fta olmak \u00fczere bu i\u015fte proje sunacak olan herkesi bu s\u00fcrece dahil edece\u011fiz. Birlikte hareket ettikten sonra \u00e7\u00f6zemeyece\u011fimiz hi\u00e7bir problem yok&#8221; dedi.<br \/>\n<br \/>Etkinlik sonunda t\u00fcm kat\u0131l\u0131mc\u0131lar\u0131n Engelliler Haftas\u0131\u2019n\u0131 kutlayan Ba\u015fkan Tetik; &#8220;30\u2019uncu y\u0131l d\u00f6n\u00fcm\u00fcn\u00fcz\u00fc kutluyorum. Hepinize sayg\u0131lar\u0131m\u0131 sunuyorum, te\u015fekk\u00fcr ediyorum&#8221; diyerek s\u00f6zlerini noktalad\u0131.<br \/><\/p>\n","protected":false},"excerpt":{"rendered":"<p>Nazilli Belediye Ba\u015fkan\u0131 Dr. Ertu\u011frul Tetik, 10-16 May\u0131s Engelliler Haftas\u0131 dolay\u0131s\u0131yla Nazilli Bedensel Engelliler Derne\u011fi taraf\u0131ndan d\u00fczenlenen programa kat\u0131ld\u0131. Kat\u0131l\u0131m\u0131n yo\u011fun oldu\u011fu etkinlikte Ba\u015fkan Tetik, engellilerle ilgili \u00e7arp\u0131c\u0131 a\u00e7\u0131klamalarda bulundu ve Nazilli\u2019de ilk kez hayata ge\u00e7irilecek olan \u2018Engelliler Meclisi\u2019nin kurulaca\u011f\u0131n\u0131 m\u00fcjdeledi. Engelli bireylerin sorunlar\u0131na kal\u0131c\u0131 \u00e7\u00f6z\u00fcmler \u00fcretmek istediklerini vurgulayan Ba\u015fkan Tetik; &#8220;M\u00fcthi\u015f hizmetler yapaca\u011f\u0131z. Benim&#8230;<\/p>\n","protected":false},"author":1,"featured_media":28306,"comment_status":"open","ping_status":"open","sticky":false,"template":"","format":"standard","meta":{"_crdt_document":"","footnotes":""},"categories":[1],"tags":[],"class_list":["post-28305","post","type-post","status-publish","format-standard","has-post-thumbnail","hentry","category-guncel"],"_links":{"self":[{"href":"https:\/\/www.egemtv.com\/index.php?rest_route=\/wp\/v2\/posts\/28305","targetHints":{"allow":["GET"]}}],"collection":[{"href":"https:\/\/www.egemtv.com\/index.php?rest_route=\/wp\/v2\/posts"}],"about":[{"href":"https:\/\/www.egemtv.com\/index.php?rest_route=\/wp\/v2\/types\/post"}],"author":[{"embeddable":true,"href":"https:\/\/www.egemtv.com\/index.php?rest_route=\/wp\/v2\/users\/1"}],"replies":[{"embeddable":true,"href":"https:\/\/www.egemtv.com\/index.php?rest_route=%2Fwp%2Fv2%2Fcomments&post=28305"}],"version-history":[{"count":1,"href":"https:\/\/www.egemtv.com\/index.php?rest_route=\/wp\/v2\/posts\/28305\/revisions"}],"predecessor-version":[{"id":28307,"href":"https:\/\/www.egemtv.com\/index.php?rest_route=\/wp\/v2\/posts\/28305\/revisions\/28307"}],"wp:featuredmedia":[{"embeddable":true,"href":"https:\/\/www.egemtv.com\/index.php?rest_route=\/wp\/v2\/media\/28306"}],"wp:attachment":[{"href":"https:\/\/www.egemtv.com\/index.php?rest_route=%2Fwp%2Fv2%2Fmedia&parent=28305"}],"wp:term":[{"taxonomy":"category","embeddable":true,"href":"https:\/\/www.egemtv.com\/index.php?rest_route=%2Fwp%2Fv2%2Fcategories&post=28305"},{"taxonomy":"post_tag","embeddable":true,"href":"https:\/\/www.egemtv.com\/index.php?rest_route=%2Fwp%2Fv2%2Ftags&post=28305"}],"curies":[{"name":"wp","href":"https:\/\/api.w.org\/{rel}","templated":true}]}}