{"id":28302,"date":"2025-05-13T09:56:09","date_gmt":"2025-05-13T06:56:09","guid":{"rendered":"https:\/\/www.egemtv.com\/?p=28302"},"modified":"2025-05-13T09:56:11","modified_gmt":"2025-05-13T06:56:11","slug":"30-yildan-fazla-hapisle-aranan-firari-yakalandi","status":"publish","type":"post","link":"https:\/\/www.egemtv.com\/?p=28302","title":{"rendered":"30 y\u0131ldan fazla hapisle aranan firari yakaland\u0131"},"content":{"rendered":"<p>H\u0131rs\u0131zl\u0131k su\u00e7undan 30 y\u0131l 8 ay 16 g\u00fcn kesinle\u015fmi\u015f hapis cezas\u0131yla aranan firari, \u0130zmir\u2019in Kar\u015f\u0131yaka il\u00e7esinde polis ekipleri taraf\u0131ndan yakaland\u0131.<br \/>\n<br \/>\u0130zmir Asayi\u015f \u015eube M\u00fcd\u00fcrl\u00fc\u011f\u00fcne ba\u011fl\u0131 G\u00fcven Timleri B\u00fcro Amirli\u011fi ekipleri, aranan \u015fah\u0131slara y\u00f6nelik Kar\u015f\u0131yaka il\u00e7esinde \u00e7al\u0131\u015fma ger\u00e7ekle\u015ftirdi. \u015e\u00fcphe \u00fczerine yap\u0131lan kimlik sorgusunda, \u2019H\u0131rs\u0131zl\u0131k\u2019 su\u00e7undan 30 y\u0131l 8 ay 16 g\u00fcn kesinle\u015fmi\u015f hapis cezas\u0131yla aranan B.C.\u0130., polis ekipleri taraf\u0131ndan yakaland\u0131.<br \/>\n<br \/>G\u00f6zalt\u0131na al\u0131nan B.C.\u0130., emniyetteki i\u015flemlerin ard\u0131ndan cezaevine teslim edildi.<br \/><\/p>\n","protected":false},"excerpt":{"rendered":"<p>H\u0131rs\u0131zl\u0131k su\u00e7undan 30 y\u0131l 8 ay 16 g\u00fcn kesinle\u015fmi\u015f hapis cezas\u0131yla aranan firari, \u0130zmir\u2019in Kar\u015f\u0131yaka il\u00e7esinde polis ekipleri taraf\u0131ndan yakaland\u0131. \u0130zmir Asayi\u015f \u015eube M\u00fcd\u00fcrl\u00fc\u011f\u00fcne ba\u011fl\u0131 G\u00fcven Timleri B\u00fcro Amirli\u011fi ekipleri, aranan \u015fah\u0131slara y\u00f6nelik Kar\u015f\u0131yaka il\u00e7esinde \u00e7al\u0131\u015fma ger\u00e7ekle\u015ftirdi. \u015e\u00fcphe \u00fczerine yap\u0131lan kimlik sorgusunda, \u2019H\u0131rs\u0131zl\u0131k\u2019 su\u00e7undan 30 y\u0131l 8 ay 16 g\u00fcn kesinle\u015fmi\u015f hapis cezas\u0131yla aranan B.C.\u0130.,&#8230;<\/p>\n","protected":false},"author":1,"featured_media":28303,"comment_status":"open","ping_status":"open","sticky":false,"template":"","format":"standard","meta":{"_crdt_document":"","footnotes":""},"categories":[5],"tags":[],"class_list":["post-28302","post","type-post","status-publish","format-standard","has-post-thumbnail","hentry","category-asayis"],"_links":{"self":[{"href":"https:\/\/www.egemtv.com\/index.php?rest_route=\/wp\/v2\/posts\/28302","targetHints":{"allow":["GET"]}}],"collection":[{"href":"https:\/\/www.egemtv.com\/index.php?rest_route=\/wp\/v2\/posts"}],"about":[{"href":"https:\/\/www.egemtv.com\/index.php?rest_route=\/wp\/v2\/types\/post"}],"author":[{"embeddable":true,"href":"https:\/\/www.egemtv.com\/index.php?rest_route=\/wp\/v2\/users\/1"}],"replies":[{"embeddable":true,"href":"https:\/\/www.egemtv.com\/index.php?rest_route=%2Fwp%2Fv2%2Fcomments&post=28302"}],"version-history":[{"count":1,"href":"https:\/\/www.egemtv.com\/index.php?rest_route=\/wp\/v2\/posts\/28302\/revisions"}],"predecessor-version":[{"id":28304,"href":"https:\/\/www.egemtv.com\/index.php?rest_route=\/wp\/v2\/posts\/28302\/revisions\/28304"}],"wp:featuredmedia":[{"embeddable":true,"href":"https:\/\/www.egemtv.com\/index.php?rest_route=\/wp\/v2\/media\/28303"}],"wp:attachment":[{"href":"https:\/\/www.egemtv.com\/index.php?rest_route=%2Fwp%2Fv2%2Fmedia&parent=28302"}],"wp:term":[{"taxonomy":"category","embeddable":true,"href":"https:\/\/www.egemtv.com\/index.php?rest_route=%2Fwp%2Fv2%2Fcategories&post=28302"},{"taxonomy":"post_tag","embeddable":true,"href":"https:\/\/www.egemtv.com\/index.php?rest_route=%2Fwp%2Fv2%2Ftags&post=28302"}],"curies":[{"name":"wp","href":"https:\/\/api.w.org\/{rel}","templated":true}]}}