{"id":28287,"date":"2025-05-13T09:37:15","date_gmt":"2025-05-13T06:37:15","guid":{"rendered":"https:\/\/www.egemtv.com\/?p=28287"},"modified":"2025-05-13T09:37:16","modified_gmt":"2025-05-13T06:37:16","slug":"yenipazara-gelen-gri-balikcil-kuslar-arastirma-konusu-oldu","status":"publish","type":"post","link":"https:\/\/www.egemtv.com\/?p=28287","title":{"rendered":"Yenipazar\u2019a gelen gri bal\u0131k\u00e7\u0131l ku\u015flar ara\u015ft\u0131rma konusu oldu"},"content":{"rendered":"<p>Ayd\u0131n\u2019\u0131n Yenipazar \u0130l\u00e7esi\u2019ne ba\u011fl\u0131 k\u0131rsal Direcik Mahallesi\u2019nin misafirleri Gri Bal\u0131k\u00e7\u0131l Ku\u015flar, ara\u015ft\u0131rma konusu oldu. Yaban ku\u015fu olmas\u0131na ra\u011fmen yerle\u015fim birimi i\u00e7inde yuvalanan bu ku\u015flarla ilgili projenin ayn\u0131 zamanda desteklenmeye de\u011fer bulundu\u011fu belirtildi.<br \/>\n<br \/>Projede yer alan AD\u00dc Veterinerlik Fak\u00fcltesi Ara\u015ft\u0131rma ve Uygulama Hastanesi Vet. Hek. Dr. Onur \u00d6rtlek, projenin ayn\u0131 zamanda \u00f6zel gereksinimli bireylere kapsay\u0131c\u0131 ve destekleyici oldu\u011funu belirtti. \u2018\u2018Sakin \u015eehrimde Bir G\u00f6\u00e7 Hikayesi: Gri Bal\u0131k\u00e7\u0131l Ku\u015flar\u0131\u2019\u2019 ba\u015fl\u0131kl\u0131 projenin Yenipazar Cumhuriyet Ortaokulu\u2019ndan \u015eeyda Kurnaz Y\u00fcr\u00fct\u00fcc\u00fcl\u00fc\u011f\u00fcnde ger\u00e7ekle\u015ftirilece\u011fi belirtildi. D\u00dc Spor Bilimleri Fak\u00fcltesi, Beden E\u011fitimi ve Spor B\u00f6l\u00fcm\u00fc, Sporda Psikososyal Alanlar Anabilim Dal\u0131 \u00d6\u011fretim \u00dcyesi Prof. Dr. Mehmet \u00d6zdemir, AD\u00dc Spor Bilimleri Fak\u00fcltesi, Spor Y\u00f6netim Bilimleri Doktora \u00d6\u011frencisi Erhan Buyruko\u011flu ve Veterinerlik Fak\u00fcltesi Ara\u015ft\u0131rma ve Uygulama Hastanesi  Vet. Hek. Dr. Onur \u00d6rtlek\u2019in de yer ald\u0131\u011f\u0131 projenin 2025 y\u0131l\u0131nda \u00fclke genelinde 600 proje i\u00e7inden desteklenmeye de\u011fer bulan 80 projeden biri oldu\u011fu belirtildi.<br \/>\n<br \/>Projede, Ayd\u0131n ili Yenipazar il\u00e7esi ortaokul kademesinde \u00f6\u011frenim g\u00f6ren kayna\u015ft\u0131rma ve hafif, orta-a\u011f\u0131r d\u00fczeyde zihinsel yetersizlik tan\u0131s\u0131 bulunan \u00f6\u011frencilerin, do\u011fada uygulama a\u011f\u0131rl\u0131kl\u0131 e\u011fitimle sulak alanlar ve \u00e7evresinde ya\u015fayan g\u00f6\u00e7men ku\u015flar ve konaklama alanlar\u0131n\u0131n incelenece\u011fi belirtildi.<br \/>\n<br \/>Ayd\u0131n Yenipazar\u2019a 7 Nazilli\u2019ye ise 18 kilometre uzakl\u0131kta olan Direcik K\u00f6y\u00fc\u2019nde, 1995 y\u0131l\u0131nda tarlalarda birle\u015ftirme tesfiye \u00e7al\u0131\u015fmas\u0131 yap\u0131l\u0131nca kanal kenar\u0131nda bulunan ve bal\u0131\u00e7\u0131l ku\u015flara ev sahipli\u011fi yapan a\u011fa\u00e7lar kesilmi\u015f ve ku\u015flar da Direcik K\u00f6y\u00fc\u2019n\u00fcn merkezindeki a\u011fa\u00e7lara yuvalanm\u0131\u015ft\u0131. Yakla\u015f\u0131k 30 y\u0131ld\u0131r nadir g\u00f6r\u00fclen bir durum olsa yaban ku\u015flar\u0131n\u0131n yerle\u015fim birimi i\u00e7inde yuvalanmas\u0131 olduk\u00e7a dikkat \u00e7ekici bulunmu\u015f ve yaban ku\u015flar\u0131 ile bar\u0131\u015f\u0131k ya\u015fayan Direcik K\u00f6y\u00fc de ilgi oda\u011f\u0131 olmu\u015ftu.<br \/><\/p>\n","protected":false},"excerpt":{"rendered":"<p>Ayd\u0131n\u2019\u0131n Yenipazar \u0130l\u00e7esi\u2019ne ba\u011fl\u0131 k\u0131rsal Direcik Mahallesi\u2019nin misafirleri Gri Bal\u0131k\u00e7\u0131l Ku\u015flar, ara\u015ft\u0131rma konusu oldu. Yaban ku\u015fu olmas\u0131na ra\u011fmen yerle\u015fim birimi i\u00e7inde yuvalanan bu ku\u015flarla ilgili projenin ayn\u0131 zamanda desteklenmeye de\u011fer bulundu\u011fu belirtildi. Projede yer alan AD\u00dc Veterinerlik Fak\u00fcltesi Ara\u015ft\u0131rma ve Uygulama Hastanesi Vet. Hek. Dr. Onur \u00d6rtlek, projenin ayn\u0131 zamanda \u00f6zel gereksinimli bireylere kapsay\u0131c\u0131 ve&#8230;<\/p>\n","protected":false},"author":1,"featured_media":28288,"comment_status":"open","ping_status":"open","sticky":false,"template":"","format":"standard","meta":{"_crdt_document":"","footnotes":""},"categories":[1],"tags":[],"class_list":["post-28287","post","type-post","status-publish","format-standard","has-post-thumbnail","hentry","category-guncel"],"_links":{"self":[{"href":"https:\/\/www.egemtv.com\/index.php?rest_route=\/wp\/v2\/posts\/28287","targetHints":{"allow":["GET"]}}],"collection":[{"href":"https:\/\/www.egemtv.com\/index.php?rest_route=\/wp\/v2\/posts"}],"about":[{"href":"https:\/\/www.egemtv.com\/index.php?rest_route=\/wp\/v2\/types\/post"}],"author":[{"embeddable":true,"href":"https:\/\/www.egemtv.com\/index.php?rest_route=\/wp\/v2\/users\/1"}],"replies":[{"embeddable":true,"href":"https:\/\/www.egemtv.com\/index.php?rest_route=%2Fwp%2Fv2%2Fcomments&post=28287"}],"version-history":[{"count":1,"href":"https:\/\/www.egemtv.com\/index.php?rest_route=\/wp\/v2\/posts\/28287\/revisions"}],"predecessor-version":[{"id":28289,"href":"https:\/\/www.egemtv.com\/index.php?rest_route=\/wp\/v2\/posts\/28287\/revisions\/28289"}],"wp:featuredmedia":[{"embeddable":true,"href":"https:\/\/www.egemtv.com\/index.php?rest_route=\/wp\/v2\/media\/28288"}],"wp:attachment":[{"href":"https:\/\/www.egemtv.com\/index.php?rest_route=%2Fwp%2Fv2%2Fmedia&parent=28287"}],"wp:term":[{"taxonomy":"category","embeddable":true,"href":"https:\/\/www.egemtv.com\/index.php?rest_route=%2Fwp%2Fv2%2Fcategories&post=28287"},{"taxonomy":"post_tag","embeddable":true,"href":"https:\/\/www.egemtv.com\/index.php?rest_route=%2Fwp%2Fv2%2Ftags&post=28287"}],"curies":[{"name":"wp","href":"https:\/\/api.w.org\/{rel}","templated":true}]}}