{"id":28281,"date":"2025-05-13T09:37:05","date_gmt":"2025-05-13T06:37:05","guid":{"rendered":"https:\/\/www.egemtv.com\/?p=28281"},"modified":"2025-05-13T09:37:10","modified_gmt":"2025-05-13T06:37:10","slug":"nazillide-trafik-kazasi-3-yarali","status":"publish","type":"post","link":"https:\/\/www.egemtv.com\/?p=28281","title":{"rendered":"Nazilli\u2019de trafik kazas\u0131: 3 yaral\u0131"},"content":{"rendered":"<p>Ayd\u0131n\u2019\u0131n Nazilli il\u00e7esinde meydana gelen trafik kazas\u0131nda 3 ki\u015fi yaraland\u0131.<\/p>\n<p>Kaza sabah saatlerinde belediye meydan\u0131nda meydana geldi. Edinilen bilgiye g\u00f6re, 09 AHA 625 ve 09 P 1672 plakal\u0131 servis minib\u00fcsleri \u00e7arp\u0131\u015ft\u0131. \u00c7arp\u0131\u015fman\u0131n etkisi ile servis ara\u00e7lar\u0131ndan birisi devrilerek ters d\u00f6nd\u00fc. Kaza ihbar\u0131 \u00fczerine b\u00f6lgeye polis, sa\u011fl\u0131k ve itfaiye ekipleri sevk edildi. Olay yerine gelen sa\u011fl\u0131k ekipleri kazada yaralanan 3 ki\u015fiyi ambulansla hastaneye kald\u0131rd\u0131.<\/p>\n<p>Kazayla ilgili soru\u015fturma devam ediyor<br \/><\/p>\n","protected":false},"excerpt":{"rendered":"<p>Ayd\u0131n\u2019\u0131n Nazilli il\u00e7esinde meydana gelen trafik kazas\u0131nda 3 ki\u015fi yaraland\u0131. Kaza sabah saatlerinde belediye meydan\u0131nda meydana geldi. Edinilen bilgiye g\u00f6re, 09 AHA 625 ve 09 P 1672 plakal\u0131 servis minib\u00fcsleri \u00e7arp\u0131\u015ft\u0131. \u00c7arp\u0131\u015fman\u0131n etkisi ile servis ara\u00e7lar\u0131ndan birisi devrilerek ters d\u00f6nd\u00fc. Kaza ihbar\u0131 \u00fczerine b\u00f6lgeye polis, sa\u011fl\u0131k ve itfaiye ekipleri sevk edildi. Olay yerine gelen sa\u011fl\u0131k&#8230;<\/p>\n","protected":false},"author":1,"featured_media":28282,"comment_status":"open","ping_status":"open","sticky":false,"template":"","format":"standard","meta":{"_crdt_document":"","footnotes":""},"categories":[5],"tags":[],"class_list":["post-28281","post","type-post","status-publish","format-standard","has-post-thumbnail","hentry","category-asayis"],"_links":{"self":[{"href":"https:\/\/www.egemtv.com\/index.php?rest_route=\/wp\/v2\/posts\/28281","targetHints":{"allow":["GET"]}}],"collection":[{"href":"https:\/\/www.egemtv.com\/index.php?rest_route=\/wp\/v2\/posts"}],"about":[{"href":"https:\/\/www.egemtv.com\/index.php?rest_route=\/wp\/v2\/types\/post"}],"author":[{"embeddable":true,"href":"https:\/\/www.egemtv.com\/index.php?rest_route=\/wp\/v2\/users\/1"}],"replies":[{"embeddable":true,"href":"https:\/\/www.egemtv.com\/index.php?rest_route=%2Fwp%2Fv2%2Fcomments&post=28281"}],"version-history":[{"count":1,"href":"https:\/\/www.egemtv.com\/index.php?rest_route=\/wp\/v2\/posts\/28281\/revisions"}],"predecessor-version":[{"id":28283,"href":"https:\/\/www.egemtv.com\/index.php?rest_route=\/wp\/v2\/posts\/28281\/revisions\/28283"}],"wp:featuredmedia":[{"embeddable":true,"href":"https:\/\/www.egemtv.com\/index.php?rest_route=\/wp\/v2\/media\/28282"}],"wp:attachment":[{"href":"https:\/\/www.egemtv.com\/index.php?rest_route=%2Fwp%2Fv2%2Fmedia&parent=28281"}],"wp:term":[{"taxonomy":"category","embeddable":true,"href":"https:\/\/www.egemtv.com\/index.php?rest_route=%2Fwp%2Fv2%2Fcategories&post=28281"},{"taxonomy":"post_tag","embeddable":true,"href":"https:\/\/www.egemtv.com\/index.php?rest_route=%2Fwp%2Fv2%2Ftags&post=28281"}],"curies":[{"name":"wp","href":"https:\/\/api.w.org\/{rel}","templated":true}]}}