{"id":28278,"date":"2025-05-13T09:15:56","date_gmt":"2025-05-13T06:15:56","guid":{"rendered":"https:\/\/www.egemtv.com\/?p=28278"},"modified":"2025-05-13T09:15:59","modified_gmt":"2025-05-13T06:15:59","slug":"selendiden-dualarla-kutsal-topraklara-ugurlandilar","status":"publish","type":"post","link":"https:\/\/www.egemtv.com\/?p=28278","title":{"rendered":"Selendi\u2019den dualarla kutsal topraklara u\u011furland\u0131lar"},"content":{"rendered":"<p>MAN\u0130SA (\u0130HA) \u2013 Manisa\u2019n\u0131n Selendi il\u00e7esinden hac vazifesini yerine getirmek \u00fczere kutsal topraklara gidecek olan 20 ki\u015filik kafile, d\u00fczenlenen t\u00f6renle dualar e\u015fli\u011finde u\u011furland\u0131.<br \/>\n<br \/>2025 y\u0131l\u0131 hac organizasyonu kapsam\u0131nda Selendi il\u00e7esinden hacca gidecek 20 ki\u015filik kafile i\u00e7in Selendi Merkez Yeni Camii\u2019nde u\u011furlama t\u00f6reni d\u00fczenlendi. T\u00f6ren, Kur\u2019an-\u0131 Kerim tilavetiyle ba\u015flad\u0131. Ard\u0131ndan ilahiler ve kasideler seslendirildi. Programda konu\u015fan Selendi \u0130l\u00e7e M\u00fcft\u00fcs\u00fc Dervi\u015f Makas, &#8220;Hac vazifelerini yerine getirmek i\u00e7in kutsal topraklara giden hac\u0131 adaylar\u0131m\u0131za hay\u0131rl\u0131 yolculuklar diliyoruz. Hac\u0131 adaylar\u0131m\u0131zdan, bizler i\u00e7in dua etmelerini ve selamlar\u0131m\u0131z\u0131 g\u00f6t\u00fcrmelerini arzu ediyoruz. Allah herkese hacca gitmeyi nasip etsin. Kutsal topraklara ilk kez gidecek olanlar, oran\u0131n manevi atmosferiyle b\u00fcy\u00fck bir heyecan ya\u015fayacakt\u0131r&#8221; dedi.<br \/>\n<br \/>T\u00f6rende aileler, hac\u0131 adaylar\u0131n\u0131 g\u00f6zya\u015flar\u0131yla u\u011furlarken, hac\u0131 adaylar\u0131 da helallik isteyerek vedala\u015ft\u0131.<br \/><\/p>\n","protected":false},"excerpt":{"rendered":"<p>MAN\u0130SA (\u0130HA) \u2013 Manisa\u2019n\u0131n Selendi il\u00e7esinden hac vazifesini yerine getirmek \u00fczere kutsal topraklara gidecek olan 20 ki\u015filik kafile, d\u00fczenlenen t\u00f6renle dualar e\u015fli\u011finde u\u011furland\u0131. 2025 y\u0131l\u0131 hac organizasyonu kapsam\u0131nda Selendi il\u00e7esinden hacca gidecek 20 ki\u015filik kafile i\u00e7in Selendi Merkez Yeni Camii\u2019nde u\u011furlama t\u00f6reni d\u00fczenlendi. T\u00f6ren, Kur\u2019an-\u0131 Kerim tilavetiyle ba\u015flad\u0131. Ard\u0131ndan ilahiler ve kasideler seslendirildi. Programda konu\u015fan&#8230;<\/p>\n","protected":false},"author":1,"featured_media":28279,"comment_status":"open","ping_status":"open","sticky":false,"template":"","format":"standard","meta":{"_crdt_document":"","footnotes":""},"categories":[123],"tags":[],"class_list":["post-28278","post","type-post","status-publish","format-standard","has-post-thumbnail","hentry","category-gundem"],"_links":{"self":[{"href":"https:\/\/www.egemtv.com\/index.php?rest_route=\/wp\/v2\/posts\/28278","targetHints":{"allow":["GET"]}}],"collection":[{"href":"https:\/\/www.egemtv.com\/index.php?rest_route=\/wp\/v2\/posts"}],"about":[{"href":"https:\/\/www.egemtv.com\/index.php?rest_route=\/wp\/v2\/types\/post"}],"author":[{"embeddable":true,"href":"https:\/\/www.egemtv.com\/index.php?rest_route=\/wp\/v2\/users\/1"}],"replies":[{"embeddable":true,"href":"https:\/\/www.egemtv.com\/index.php?rest_route=%2Fwp%2Fv2%2Fcomments&post=28278"}],"version-history":[{"count":1,"href":"https:\/\/www.egemtv.com\/index.php?rest_route=\/wp\/v2\/posts\/28278\/revisions"}],"predecessor-version":[{"id":28280,"href":"https:\/\/www.egemtv.com\/index.php?rest_route=\/wp\/v2\/posts\/28278\/revisions\/28280"}],"wp:featuredmedia":[{"embeddable":true,"href":"https:\/\/www.egemtv.com\/index.php?rest_route=\/wp\/v2\/media\/28279"}],"wp:attachment":[{"href":"https:\/\/www.egemtv.com\/index.php?rest_route=%2Fwp%2Fv2%2Fmedia&parent=28278"}],"wp:term":[{"taxonomy":"category","embeddable":true,"href":"https:\/\/www.egemtv.com\/index.php?rest_route=%2Fwp%2Fv2%2Fcategories&post=28278"},{"taxonomy":"post_tag","embeddable":true,"href":"https:\/\/www.egemtv.com\/index.php?rest_route=%2Fwp%2Fv2%2Ftags&post=28278"}],"curies":[{"name":"wp","href":"https:\/\/api.w.org\/{rel}","templated":true}]}}