{"id":28272,"date":"2025-05-13T09:15:47","date_gmt":"2025-05-13T06:15:47","guid":{"rendered":"https:\/\/www.egemtv.com\/?p=28272"},"modified":"2025-05-13T09:15:51","modified_gmt":"2025-05-13T06:15:51","slug":"somada-kuran-kursu-ogrencilerine-sinema-etkinligi","status":"publish","type":"post","link":"https:\/\/www.egemtv.com\/?p=28272","title":{"rendered":"Soma\u2019da Kur\u2019an kursu \u00f6\u011frencilerine sinema etkinli\u011fi"},"content":{"rendered":"<p>Manisa\u2019n\u0131n Soma il\u00e7esinde M\u00fcft\u00fcl\u00fck koordinesinde d\u00fczenlenen etkinlikte, il\u00e7ede faaliyet g\u00f6steren 4-6 ya\u015f Kur\u2019an kurslar\u0131nda e\u011fitim g\u00f6ren yakla\u015f\u0131k 400 \u00f6\u011frenci ve \u00f6\u011fretmenleri, Atat\u00fcrk K\u00fclt\u00fcr Merkezi\u2019nde vizyona giren &#8220;Hay Hak: Karag\u00f6z-Hacivat&#8221; adl\u0131 animasyon filmini izledi.<br \/>\n<br \/>Diyanet TV taraf\u0131ndan haz\u0131rlanan ve TRT Diyanet \u00c7ocuk kanal\u0131nda da yay\u0131nlanan bu \u00f6zel yap\u0131m, minik izleyicilerden b\u00fcy\u00fck ilgi g\u00f6rd\u00fc. De\u011ferler e\u011fitimi temas\u0131yla haz\u0131rlanan film sayesinde \u00e7ocuklar hem e\u011flenceli vakit ge\u00e7irdi hem de milli ve manevi de\u011ferlerle tan\u0131\u015fma f\u0131rsat\u0131 buldu.<br \/>\n<br \/>Soma \u0130l\u00e7e M\u00fcft\u00fcs\u00fc Hasan H\u00fcseyin K\u0131l\u0131n\u00e7al etkinlikle ilgili yapt\u0131\u011f\u0131 a\u00e7\u0131klamada, &#8220;Gelece\u011fimizin teminat\u0131 olan \u00e7ocuklar\u0131m\u0131z\u0131 milli ve manevi de\u011ferlerle bulu\u015fturmak bizim \u00f6ncelikli g\u00f6revimiz. Bu t\u00fcr etkinliklerle hem e\u011fleniyorlar hem de ahlaki kazan\u0131mlar elde ediyorlar. Diyanet \u0130\u015fleri Ba\u015fkanl\u0131\u011f\u0131m\u0131z\u0131n katk\u0131lar\u0131yla haz\u0131rlanan bu yap\u0131m, de\u011ferler e\u011fitimine b\u00fcy\u00fck katk\u0131 sunuyor&#8221; dedi.<br \/>\n<br \/>Soma\u2019da ilk kez ger\u00e7ekle\u015ftirilen bu t\u00fcr sinema etkinli\u011finin olduk\u00e7a verimli ge\u00e7ti\u011fini belirten \u0130l\u00e7e M\u00fcft\u00fcs\u00fc K\u0131l\u0131n\u00e7al, benzeri etkinliklerle \u00e7ocuklar\u0131 farkl\u0131 platformlarda de\u011ferler e\u011fitimiyle bulu\u015fturmaya devam edeceklerini bildirdi.<br \/><\/p>\n","protected":false},"excerpt":{"rendered":"<p>Manisa\u2019n\u0131n Soma il\u00e7esinde M\u00fcft\u00fcl\u00fck koordinesinde d\u00fczenlenen etkinlikte, il\u00e7ede faaliyet g\u00f6steren 4-6 ya\u015f Kur\u2019an kurslar\u0131nda e\u011fitim g\u00f6ren yakla\u015f\u0131k 400 \u00f6\u011frenci ve \u00f6\u011fretmenleri, Atat\u00fcrk K\u00fclt\u00fcr Merkezi\u2019nde vizyona giren &#8220;Hay Hak: Karag\u00f6z-Hacivat&#8221; adl\u0131 animasyon filmini izledi. Diyanet TV taraf\u0131ndan haz\u0131rlanan ve TRT Diyanet \u00c7ocuk kanal\u0131nda da yay\u0131nlanan bu \u00f6zel yap\u0131m, minik izleyicilerden b\u00fcy\u00fck ilgi g\u00f6rd\u00fc. De\u011ferler e\u011fitimi temas\u0131yla&#8230;<\/p>\n","protected":false},"author":1,"featured_media":28273,"comment_status":"open","ping_status":"open","sticky":false,"template":"","format":"standard","meta":{"_crdt_document":"","footnotes":""},"categories":[1],"tags":[],"class_list":["post-28272","post","type-post","status-publish","format-standard","has-post-thumbnail","hentry","category-guncel"],"_links":{"self":[{"href":"https:\/\/www.egemtv.com\/index.php?rest_route=\/wp\/v2\/posts\/28272","targetHints":{"allow":["GET"]}}],"collection":[{"href":"https:\/\/www.egemtv.com\/index.php?rest_route=\/wp\/v2\/posts"}],"about":[{"href":"https:\/\/www.egemtv.com\/index.php?rest_route=\/wp\/v2\/types\/post"}],"author":[{"embeddable":true,"href":"https:\/\/www.egemtv.com\/index.php?rest_route=\/wp\/v2\/users\/1"}],"replies":[{"embeddable":true,"href":"https:\/\/www.egemtv.com\/index.php?rest_route=%2Fwp%2Fv2%2Fcomments&post=28272"}],"version-history":[{"count":1,"href":"https:\/\/www.egemtv.com\/index.php?rest_route=\/wp\/v2\/posts\/28272\/revisions"}],"predecessor-version":[{"id":28274,"href":"https:\/\/www.egemtv.com\/index.php?rest_route=\/wp\/v2\/posts\/28272\/revisions\/28274"}],"wp:featuredmedia":[{"embeddable":true,"href":"https:\/\/www.egemtv.com\/index.php?rest_route=\/wp\/v2\/media\/28273"}],"wp:attachment":[{"href":"https:\/\/www.egemtv.com\/index.php?rest_route=%2Fwp%2Fv2%2Fmedia&parent=28272"}],"wp:term":[{"taxonomy":"category","embeddable":true,"href":"https:\/\/www.egemtv.com\/index.php?rest_route=%2Fwp%2Fv2%2Fcategories&post=28272"},{"taxonomy":"post_tag","embeddable":true,"href":"https:\/\/www.egemtv.com\/index.php?rest_route=%2Fwp%2Fv2%2Ftags&post=28272"}],"curies":[{"name":"wp","href":"https:\/\/api.w.org\/{rel}","templated":true}]}}