{"id":28269,"date":"2025-05-13T08:34:47","date_gmt":"2025-05-13T05:34:47","guid":{"rendered":"https:\/\/www.egemtv.com\/?p=28269"},"modified":"2025-05-13T08:34:49","modified_gmt":"2025-05-13T05:34:49","slug":"kutahyada-uyusturucuyla-yakalanan-supheli-tutuklandi","status":"publish","type":"post","link":"https:\/\/www.egemtv.com\/?p=28269","title":{"rendered":"K\u00fctahya\u2019da uyu\u015fturucuyla yakalanan \u015f\u00fcpheli tutukland\u0131"},"content":{"rendered":"<p>K\u00fctahya\u2019da polis ekiplerince uygulama noktas\u0131nda uyu\u015fturucuyla yakalanan \u015f\u00fcpheli, \u00e7\u0131kar\u0131ld\u0131\u011f\u0131 mahkemece tutukland\u0131.<br \/>\n<br \/>\u0130l Emniyet M\u00fcd\u00fcrl\u00fc\u011f\u00fc Narkotik Su\u00e7larla M\u00fccadele \u015eube M\u00fcd\u00fcrl\u00fc\u011f\u00fcnce yap\u0131lan \u00e7al\u0131\u015fmalar \u00e7er\u00e7evesinde uygulama noktas\u0131nda durdurulan Y.O. (30) ve G.Y. (48) isimli \u015fah\u0131slar\u0131n yap\u0131lan kontrollerinde, 2 bin 238 adet sentetik ecza ele ge\u00e7irildi.<br \/>\n<br \/>G\u00f6zalt\u0131na al\u0131nan \u015f\u00fcpheli \u015fah\u0131slardan G.Y. \u00e7\u0131kar\u0131ld\u0131\u011f\u0131 adli merciler taraf\u0131ndan adli kontrol \u015fart\u0131yla serbest b\u0131rak\u0131l\u0131rken, Y.O. ise tutukland\u0131.<br \/><\/p>\n","protected":false},"excerpt":{"rendered":"<p>K\u00fctahya\u2019da polis ekiplerince uygulama noktas\u0131nda uyu\u015fturucuyla yakalanan \u015f\u00fcpheli, \u00e7\u0131kar\u0131ld\u0131\u011f\u0131 mahkemece tutukland\u0131. \u0130l Emniyet M\u00fcd\u00fcrl\u00fc\u011f\u00fc Narkotik Su\u00e7larla M\u00fccadele \u015eube M\u00fcd\u00fcrl\u00fc\u011f\u00fcnce yap\u0131lan \u00e7al\u0131\u015fmalar \u00e7er\u00e7evesinde uygulama noktas\u0131nda durdurulan Y.O. (30) ve G.Y. (48) isimli \u015fah\u0131slar\u0131n yap\u0131lan kontrollerinde, 2 bin 238 adet sentetik ecza ele ge\u00e7irildi. G\u00f6zalt\u0131na al\u0131nan \u015f\u00fcpheli \u015fah\u0131slardan G.Y. \u00e7\u0131kar\u0131ld\u0131\u011f\u0131 adli merciler taraf\u0131ndan adli kontrol \u015fart\u0131yla serbest&#8230;<\/p>\n","protected":false},"author":1,"featured_media":28270,"comment_status":"open","ping_status":"open","sticky":false,"template":"","format":"standard","meta":{"_crdt_document":"","footnotes":""},"categories":[5],"tags":[],"class_list":["post-28269","post","type-post","status-publish","format-standard","has-post-thumbnail","hentry","category-asayis"],"_links":{"self":[{"href":"https:\/\/www.egemtv.com\/index.php?rest_route=\/wp\/v2\/posts\/28269","targetHints":{"allow":["GET"]}}],"collection":[{"href":"https:\/\/www.egemtv.com\/index.php?rest_route=\/wp\/v2\/posts"}],"about":[{"href":"https:\/\/www.egemtv.com\/index.php?rest_route=\/wp\/v2\/types\/post"}],"author":[{"embeddable":true,"href":"https:\/\/www.egemtv.com\/index.php?rest_route=\/wp\/v2\/users\/1"}],"replies":[{"embeddable":true,"href":"https:\/\/www.egemtv.com\/index.php?rest_route=%2Fwp%2Fv2%2Fcomments&post=28269"}],"version-history":[{"count":1,"href":"https:\/\/www.egemtv.com\/index.php?rest_route=\/wp\/v2\/posts\/28269\/revisions"}],"predecessor-version":[{"id":28271,"href":"https:\/\/www.egemtv.com\/index.php?rest_route=\/wp\/v2\/posts\/28269\/revisions\/28271"}],"wp:featuredmedia":[{"embeddable":true,"href":"https:\/\/www.egemtv.com\/index.php?rest_route=\/wp\/v2\/media\/28270"}],"wp:attachment":[{"href":"https:\/\/www.egemtv.com\/index.php?rest_route=%2Fwp%2Fv2%2Fmedia&parent=28269"}],"wp:term":[{"taxonomy":"category","embeddable":true,"href":"https:\/\/www.egemtv.com\/index.php?rest_route=%2Fwp%2Fv2%2Fcategories&post=28269"},{"taxonomy":"post_tag","embeddable":true,"href":"https:\/\/www.egemtv.com\/index.php?rest_route=%2Fwp%2Fv2%2Ftags&post=28269"}],"curies":[{"name":"wp","href":"https:\/\/api.w.org\/{rel}","templated":true}]}}