{"id":28263,"date":"2025-05-12T20:19:09","date_gmt":"2025-05-12T17:19:09","guid":{"rendered":"https:\/\/www.egemtv.com\/?p=28263"},"modified":"2025-05-12T20:19:13","modified_gmt":"2025-05-12T17:19:13","slug":"hayme-ananin-kabrinin-bulundugu-koyden-domanice-genclik-yuruyusu","status":"publish","type":"post","link":"https:\/\/www.egemtv.com\/?p=28263","title":{"rendered":"Hayme Ana\u2019n\u0131n kabrinin bulundu\u011fu k\u00f6yden Domani\u00e7\u2019e Gen\u00e7lik Y\u00fcr\u00fcy\u00fc\u015f\u00fc"},"content":{"rendered":"<p>K\u00fctahya\u2019n\u0131n Domani\u00e7 \u0130l\u00e7e Gen\u00e7lik ve Spor M\u00fcd\u00fcrl\u00fc\u011f\u00fcnce 19 May\u0131s Gen\u00e7lik Haftas\u0131 nedeniyle d\u00fczenlenen etkinlikte, Osmanl\u0131 Devleti\u2019nin kurucusu Osman Bey\u2019in babaannesi Hayme Ana\u2019n\u0131n \u00c7ar\u015famba k\u00f6y\u00fcnde bulunan t\u00fcrbesinden il\u00e7e merkezine Gen\u00e7lik Y\u00fcr\u00fcy\u00fc\u015f\u00fc d\u00fczenlendi.<br \/>\n<br \/>Domani\u00e7\u2019te Kaymakaml\u0131k, Gen\u00e7lik ve Spor \u0130l\u00e7e M\u00fcd\u00fcrl\u00fc\u011f\u00fc ile DP\u00dc Hayme Ana Meslek Y\u00fcksekokulu i\u015f birli\u011fiyle d\u00fczenlenen 19 May\u0131s Atat\u00fcrk\u2019\u00fc Anma, Gen\u00e7lik ve Spor Bayram\u0131 kapsam\u0131nda d\u00fczenlenen Gen\u00e7lik Haftas\u0131 a\u00e7\u0131l\u0131\u015f program\u0131, Domani\u00e7 il\u00e7esi \u00c7ar\u015famba k\u00f6y\u00fcnde bulunan Hayme Ana T\u00fcrbesi \u00f6n\u00fcnde ba\u015flad\u0131. Etkinlikte t\u00fcrbe ziyareti, Kur\u2019an-\u0131 Kerim tilaveti ve dualar\u0131n ard\u0131ndan a\u00e7\u0131l\u0131\u015f konu\u015fmalar\u0131 yap\u0131ld\u0131. Programda s\u00f6z alan K\u00fctahya Dumlup\u0131nar \u00dcniversitesi (DP\u00dc) Rekt\u00f6r\u00fc Prof. Dr. S\u00fcleyman K\u0131z\u0131ltoprak, Hayme Ana ve Z\u00fcbeyde Han\u0131m gibi annelerin \u00f6nemine vurgu yapt\u0131. K\u0131z\u0131ltoprak, &#8220;Hayme Anam\u0131z var, Z\u00fcbeyde Han\u0131m var, Cumhuriyetimizin kurucusu Mustafa Kemal Atat\u00fcrk\u2019\u00fcn annesi. Bu anneler, g\u00f6kteki y\u0131ld\u0131zlar gibi. Onlar\u0131 rehber edinirsek yolumuzu ayd\u0131nlat\u0131r\u0131z. Anneler olmasa bu liderler do\u011fmazd\u0131, bu medeniyet geli\u015femezdi&#8221; ifadelerini kulland\u0131.<br \/>\n<br \/>Atat\u00fcrk\u2019\u00fcn &#8220;T\u00fcrk \u00e7ocu\u011fu ecdad\u0131n\u0131 tan\u0131d\u0131k\u00e7a daha b\u00fcy\u00fck i\u015fler yapmak i\u00e7in kendinde ulvi bir kuvvet bulacakt\u0131r&#8221; s\u00f6z\u00fcn\u00fc hat\u0131rlatan K\u0131z\u0131ltoprak, &#8220;Bu topraklar\u0131 vatan edinen b\u00fcy\u00fcklerimizin yolunda oldu\u011fumuzu g\u00f6stermek i\u00e7in bu y\u00fcr\u00fcy\u00fc\u015f\u00fc ger\u00e7ekle\u015ftirdik. Her y\u0131l daha da b\u00fcy\u00fcterek devam ettirece\u011fiz&#8221; dedi.<br \/>\n<br \/>Konu\u015fmalar\u0131n ard\u0131ndan Domani\u00e7\u2019ten S\u00f6\u011f\u00fct\u2019e giden 86 kilometrelik tarihi g\u00f6\u00e7 yolu \u00fczerinden ba\u015flayan yakla\u015f\u0131k 11 kilometrelik Gen\u00e7lik Y\u00fcr\u00fcy\u00fc\u015f\u00fc, Domani\u00e7 Cumhuriyet Meydan\u0131\u2019ndaki Atat\u00fcrk heykeli \u00f6n\u00fcnde son buldu. Burada halk oyunlar\u0131 g\u00f6sterisi sergilendi. Y\u00fcr\u00fcy\u00fc\u015f\u00fcn ba\u015fkanl\u0131\u011f\u0131n\u0131 ise g\u00f6\u00e7 yolunun yap\u0131m\u0131 i\u00e7in ilk giri\u015fimlerde bulunan M\u00fcmtaz Serdaro\u011flu yapt\u0131.<br \/>\n<br \/>Etkinli\u011fe Rekt\u00f6r Prof. Dr. S\u00fcleyman K\u0131z\u0131ltoprak\u2019\u0131n yan\u0131 s\u0131ra Domani\u00e7 Kaymakam\u0131 Serhat Ba\u011fc\u0131 e\u015fi Sinem Ba\u011fc\u0131, \u0130l\u00e7e Jandarma Komutan\u0131 Jandarma \u00dcste\u011fmen \u0130smail Bayar, Domani\u00e7 Hayme Ana Meslek Y\u00fcksekokul M\u00fcd\u00fcr\u00fc Do\u00e7. Dr. Cant\u00fcrk Caner, Gen\u00e7lik ve Spor \u0130l\u00e7e M\u00fcd\u00fcr\u00fc Naci Uzuncan, \u0130l\u00e7e Milli E\u011fitim M\u00fcd\u00fcr\u00fc Mehmet \u015eent\u00fcrk, \u0130l\u00e7e Mal M\u00fcd\u00fcr\u00fc Adem Ak\u0131n, Hastane M\u00fcd\u00fcr\u00fc Kadir Yakut, Orman \u0130\u015fletme M\u00fcd\u00fcr\u00fc Engin Yormaz, \u0130l\u00e7e M\u00fcft\u00fc Vekili Fatih Ero\u011flu, siyasi parti temsilcileri, Domani\u00e7 Hayme Ana Meslek Y\u00fcksekokulu Sekreteri Zafer Y\u0131ld\u0131r\u0131m, \u00c7ar\u015famba K\u00f6y\u00fc Muhtar\u0131 \u0130smail Yaman, \u00f6\u011frenciler ve vatanda\u015flar Kat\u0131ld\u0131.<br \/><\/p>\n","protected":false},"excerpt":{"rendered":"<p>K\u00fctahya\u2019n\u0131n Domani\u00e7 \u0130l\u00e7e Gen\u00e7lik ve Spor M\u00fcd\u00fcrl\u00fc\u011f\u00fcnce 19 May\u0131s Gen\u00e7lik Haftas\u0131 nedeniyle d\u00fczenlenen etkinlikte, Osmanl\u0131 Devleti\u2019nin kurucusu Osman Bey\u2019in babaannesi Hayme Ana\u2019n\u0131n \u00c7ar\u015famba k\u00f6y\u00fcnde bulunan t\u00fcrbesinden il\u00e7e merkezine Gen\u00e7lik Y\u00fcr\u00fcy\u00fc\u015f\u00fc d\u00fczenlendi. Domani\u00e7\u2019te Kaymakaml\u0131k, Gen\u00e7lik ve Spor \u0130l\u00e7e M\u00fcd\u00fcrl\u00fc\u011f\u00fc ile DP\u00dc Hayme Ana Meslek Y\u00fcksekokulu i\u015f birli\u011fiyle d\u00fczenlenen 19 May\u0131s Atat\u00fcrk\u2019\u00fc Anma, Gen\u00e7lik ve Spor Bayram\u0131&#8230;<\/p>\n","protected":false},"author":1,"featured_media":28264,"comment_status":"open","ping_status":"open","sticky":false,"template":"","format":"standard","meta":{"_crdt_document":"","footnotes":""},"categories":[123],"tags":[],"class_list":["post-28263","post","type-post","status-publish","format-standard","has-post-thumbnail","hentry","category-gundem"],"_links":{"self":[{"href":"https:\/\/www.egemtv.com\/index.php?rest_route=\/wp\/v2\/posts\/28263","targetHints":{"allow":["GET"]}}],"collection":[{"href":"https:\/\/www.egemtv.com\/index.php?rest_route=\/wp\/v2\/posts"}],"about":[{"href":"https:\/\/www.egemtv.com\/index.php?rest_route=\/wp\/v2\/types\/post"}],"author":[{"embeddable":true,"href":"https:\/\/www.egemtv.com\/index.php?rest_route=\/wp\/v2\/users\/1"}],"replies":[{"embeddable":true,"href":"https:\/\/www.egemtv.com\/index.php?rest_route=%2Fwp%2Fv2%2Fcomments&post=28263"}],"version-history":[{"count":1,"href":"https:\/\/www.egemtv.com\/index.php?rest_route=\/wp\/v2\/posts\/28263\/revisions"}],"predecessor-version":[{"id":28265,"href":"https:\/\/www.egemtv.com\/index.php?rest_route=\/wp\/v2\/posts\/28263\/revisions\/28265"}],"wp:featuredmedia":[{"embeddable":true,"href":"https:\/\/www.egemtv.com\/index.php?rest_route=\/wp\/v2\/media\/28264"}],"wp:attachment":[{"href":"https:\/\/www.egemtv.com\/index.php?rest_route=%2Fwp%2Fv2%2Fmedia&parent=28263"}],"wp:term":[{"taxonomy":"category","embeddable":true,"href":"https:\/\/www.egemtv.com\/index.php?rest_route=%2Fwp%2Fv2%2Fcategories&post=28263"},{"taxonomy":"post_tag","embeddable":true,"href":"https:\/\/www.egemtv.com\/index.php?rest_route=%2Fwp%2Fv2%2Ftags&post=28263"}],"curies":[{"name":"wp","href":"https:\/\/api.w.org\/{rel}","templated":true}]}}