{"id":28224,"date":"2025-05-12T17:36:18","date_gmt":"2025-05-12T14:36:18","guid":{"rendered":"https:\/\/www.egemtv.com\/?p=28224"},"modified":"2025-05-12T17:36:23","modified_gmt":"2025-05-12T14:36:23","slug":"usakta-kuyumcuya-silahli-saldiri-duzenleyen-19-yasindaki-genc-2-kisiyi-yaraladi","status":"publish","type":"post","link":"https:\/\/www.egemtv.com\/?p=28224","title":{"rendered":"U\u015fak\u2019ta kuyumcuya silahl\u0131 sald\u0131r\u0131 d\u00fczenleyen 19 ya\u015f\u0131ndaki gen\u00e7 2 ki\u015fiyi yaralad\u0131"},"content":{"rendered":"<p>U\u015fak\u2019ta bir kuyumcuya silahl\u0131 sald\u0131r\u0131 d\u00fczenleyen 19 ya\u015f\u0131ndaki gen\u00e7 1\u2019i m\u00fc\u015fteri olan 2 ki\u015fiyi yaralad\u0131.<br \/>\n<br \/>Olay, U\u015fak merkeze ba\u011fl\u0131 \u00d6zdemir Mahallesi \u0130smet Pa\u015fa Caddesi \u00fczerinde bulunan bir kuyumcuda meydana geldi. Edinilen bilgilere g\u00f6re, \u0130.K. (19) hen\u00fcz belirlenemeyen nedenle kuyumcuya giderek tabancayla ate\u015f a\u00e7mas\u0131n\u0131n ard\u0131ndan olay yerinden ka\u00e7t\u0131.<br \/>\n<br \/>Tabancayla ate\u015f edildikten sonra, i\u015f yeri sahibinin karde\u015fi \u00c7.S. (47) ve kuyumcuda bulunan m\u00fc\u015fterilerden H.K. (70) mermi isabet etmesi sonucu yaraland\u0131. \u00c7evredeki vatanda\u015flar\u0131n durumu 112 Acil \u00c7a\u011fr\u0131 Merkezi\u2019ne bildirmesi \u00fczerine olay yerine 112 Sa\u011fl\u0131k ve polis ekipleri sevk edildi. Polis \u00e7evrede geni\u015f \u00e7apl\u0131 g\u00fcvenlik \u00f6nlemi al\u0131rken, 112 Sa\u011fl\u0131k ekiplerince yaral\u0131lar ise U\u015fak E\u011fitim ve Ara\u015ft\u0131rma Hastanesi\u2019ne kald\u0131r\u0131ld\u0131.<br \/>\n<br \/>Polis ekiplerince yap\u0131lan \u00e7al\u0131\u015fma sonucu, ticari taksi ile ka\u00e7t\u0131\u011f\u0131 \u00f6\u011frenilen zanl\u0131 yakalanarak g\u00f6zalt\u0131na al\u0131nd\u0131.<br \/>\n<br \/>\u00d6te yandan, yaral\u0131lar\u0131n sa\u011fl\u0131k durumunun iyi oldu\u011fu \u00f6\u011frenildi.<br \/><\/p>\n","protected":false},"excerpt":{"rendered":"<p>U\u015fak\u2019ta bir kuyumcuya silahl\u0131 sald\u0131r\u0131 d\u00fczenleyen 19 ya\u015f\u0131ndaki gen\u00e7 1\u2019i m\u00fc\u015fteri olan 2 ki\u015fiyi yaralad\u0131. Olay, U\u015fak merkeze ba\u011fl\u0131 \u00d6zdemir Mahallesi \u0130smet Pa\u015fa Caddesi \u00fczerinde bulunan bir kuyumcuda meydana geldi. Edinilen bilgilere g\u00f6re, \u0130.K. (19) hen\u00fcz belirlenemeyen nedenle kuyumcuya giderek tabancayla ate\u015f a\u00e7mas\u0131n\u0131n ard\u0131ndan olay yerinden ka\u00e7t\u0131. Tabancayla ate\u015f edildikten sonra, i\u015f yeri sahibinin karde\u015fi&#8230;<\/p>\n","protected":false},"author":1,"featured_media":28225,"comment_status":"open","ping_status":"open","sticky":false,"template":"","format":"standard","meta":{"_crdt_document":"","footnotes":""},"categories":[5],"tags":[],"class_list":["post-28224","post","type-post","status-publish","format-standard","has-post-thumbnail","hentry","category-asayis"],"_links":{"self":[{"href":"https:\/\/www.egemtv.com\/index.php?rest_route=\/wp\/v2\/posts\/28224","targetHints":{"allow":["GET"]}}],"collection":[{"href":"https:\/\/www.egemtv.com\/index.php?rest_route=\/wp\/v2\/posts"}],"about":[{"href":"https:\/\/www.egemtv.com\/index.php?rest_route=\/wp\/v2\/types\/post"}],"author":[{"embeddable":true,"href":"https:\/\/www.egemtv.com\/index.php?rest_route=\/wp\/v2\/users\/1"}],"replies":[{"embeddable":true,"href":"https:\/\/www.egemtv.com\/index.php?rest_route=%2Fwp%2Fv2%2Fcomments&post=28224"}],"version-history":[{"count":1,"href":"https:\/\/www.egemtv.com\/index.php?rest_route=\/wp\/v2\/posts\/28224\/revisions"}],"predecessor-version":[{"id":28226,"href":"https:\/\/www.egemtv.com\/index.php?rest_route=\/wp\/v2\/posts\/28224\/revisions\/28226"}],"wp:featuredmedia":[{"embeddable":true,"href":"https:\/\/www.egemtv.com\/index.php?rest_route=\/wp\/v2\/media\/28225"}],"wp:attachment":[{"href":"https:\/\/www.egemtv.com\/index.php?rest_route=%2Fwp%2Fv2%2Fmedia&parent=28224"}],"wp:term":[{"taxonomy":"category","embeddable":true,"href":"https:\/\/www.egemtv.com\/index.php?rest_route=%2Fwp%2Fv2%2Fcategories&post=28224"},{"taxonomy":"post_tag","embeddable":true,"href":"https:\/\/www.egemtv.com\/index.php?rest_route=%2Fwp%2Fv2%2Ftags&post=28224"}],"curies":[{"name":"wp","href":"https:\/\/api.w.org\/{rel}","templated":true}]}}