{"id":28221,"date":"2025-05-12T16:36:13","date_gmt":"2025-05-12T13:36:13","guid":{"rendered":"https:\/\/www.egemtv.com\/?p=28221"},"modified":"2025-05-12T16:36:18","modified_gmt":"2025-05-12T13:36:18","slug":"domanicte-trafik-kazasi-5-yarali","status":"publish","type":"post","link":"https:\/\/www.egemtv.com\/?p=28221","title":{"rendered":"Domani\u00e7\u2019te trafik kazas\u0131: 5 yaral\u0131"},"content":{"rendered":"<p>K\u00fctahya\u2019n\u0131n Domani\u00e7 il\u00e7esinde iki arac\u0131n \u00e7arp\u0131\u015fmas\u0131 sonucu meydana gelen trafik kazas\u0131nda 5 ki\u015fi yaraland\u0131.<br \/>\n<br \/>Edinilen bilgiye g\u00f6re, Hasan H\u00fcseyin K. (72) idaresindeki 43 YD 687 plakal\u0131 ara\u00e7 ile \u0130neg\u00f6l\u2019den Tav\u015fanl\u0131 istikametine seyir halinde olan Ramazan G. (65) y\u00f6netimindeki 43 YA 979 plakal\u0131 ara\u00e7 Emniyet Kav\u015fa\u011f\u0131nda \u00e7arp\u0131\u015ft\u0131.<br \/>\n<br \/>Kazada her iki ara\u00e7 s\u00fcr\u00fcc\u00fcs\u00fc ile ara\u00e7larda yolcu olarak bulunan Harun K. (34), M\u00fcnevver G. (63) ile Zekiye Z. (69) yaraland\u0131. Yaral\u0131lar ihbar \u00fczerine olay yerine gelen 112 Sa\u011fl\u0131k Ekipleri taraf\u0131ndan Tav\u015fanl\u0131 Do\u00e7. Dr. Mustafa Kalemli Devlet Hastanesine sevk edilerek tedavi alt\u0131na al\u0131nd\u0131. Yaral\u0131lar\u0131n sa\u011fl\u0131k durumlar\u0131n\u0131n iyi oldu\u011fu \u00f6\u011frenildi.<br \/>\n<br \/>Kazayla ilgili soru\u015fturma s\u00fcr\u00fcyor.<br \/><\/p>\n","protected":false},"excerpt":{"rendered":"<p>K\u00fctahya\u2019n\u0131n Domani\u00e7 il\u00e7esinde iki arac\u0131n \u00e7arp\u0131\u015fmas\u0131 sonucu meydana gelen trafik kazas\u0131nda 5 ki\u015fi yaraland\u0131. Edinilen bilgiye g\u00f6re, Hasan H\u00fcseyin K. (72) idaresindeki 43 YD 687 plakal\u0131 ara\u00e7 ile \u0130neg\u00f6l\u2019den Tav\u015fanl\u0131 istikametine seyir halinde olan Ramazan G. (65) y\u00f6netimindeki 43 YA 979 plakal\u0131 ara\u00e7 Emniyet Kav\u015fa\u011f\u0131nda \u00e7arp\u0131\u015ft\u0131. Kazada her iki ara\u00e7 s\u00fcr\u00fcc\u00fcs\u00fc ile ara\u00e7larda yolcu olarak&#8230;<\/p>\n","protected":false},"author":1,"featured_media":28222,"comment_status":"open","ping_status":"open","sticky":false,"template":"","format":"standard","meta":{"_crdt_document":"","footnotes":""},"categories":[5],"tags":[],"class_list":["post-28221","post","type-post","status-publish","format-standard","has-post-thumbnail","hentry","category-asayis"],"_links":{"self":[{"href":"https:\/\/www.egemtv.com\/index.php?rest_route=\/wp\/v2\/posts\/28221","targetHints":{"allow":["GET"]}}],"collection":[{"href":"https:\/\/www.egemtv.com\/index.php?rest_route=\/wp\/v2\/posts"}],"about":[{"href":"https:\/\/www.egemtv.com\/index.php?rest_route=\/wp\/v2\/types\/post"}],"author":[{"embeddable":true,"href":"https:\/\/www.egemtv.com\/index.php?rest_route=\/wp\/v2\/users\/1"}],"replies":[{"embeddable":true,"href":"https:\/\/www.egemtv.com\/index.php?rest_route=%2Fwp%2Fv2%2Fcomments&post=28221"}],"version-history":[{"count":1,"href":"https:\/\/www.egemtv.com\/index.php?rest_route=\/wp\/v2\/posts\/28221\/revisions"}],"predecessor-version":[{"id":28223,"href":"https:\/\/www.egemtv.com\/index.php?rest_route=\/wp\/v2\/posts\/28221\/revisions\/28223"}],"wp:featuredmedia":[{"embeddable":true,"href":"https:\/\/www.egemtv.com\/index.php?rest_route=\/wp\/v2\/media\/28222"}],"wp:attachment":[{"href":"https:\/\/www.egemtv.com\/index.php?rest_route=%2Fwp%2Fv2%2Fmedia&parent=28221"}],"wp:term":[{"taxonomy":"category","embeddable":true,"href":"https:\/\/www.egemtv.com\/index.php?rest_route=%2Fwp%2Fv2%2Fcategories&post=28221"},{"taxonomy":"post_tag","embeddable":true,"href":"https:\/\/www.egemtv.com\/index.php?rest_route=%2Fwp%2Fv2%2Ftags&post=28221"}],"curies":[{"name":"wp","href":"https:\/\/api.w.org\/{rel}","templated":true}]}}