{"id":28218,"date":"2025-05-12T16:36:07","date_gmt":"2025-05-12T13:36:07","guid":{"rendered":"https:\/\/www.egemtv.com\/?p=28218"},"modified":"2025-05-12T16:36:13","modified_gmt":"2025-05-12T13:36:13","slug":"resim-yarismasinin-kazananlari-belli-oldu","status":"publish","type":"post","link":"https:\/\/www.egemtv.com\/?p=28218","title":{"rendered":"Resim yar\u0131\u015fmas\u0131n\u0131n kazananlar\u0131 belli oldu"},"content":{"rendered":"<p>Bodrum Belediyesi b\u00fcnyesinde faaliyet g\u00f6steren Bodrum Deniz M\u00fczesi\u2019nin bu y\u0131l alt\u0131nc\u0131s\u0131n\u0131 d\u00fczenledi\u011fi &#8220;Deniz Ta\u015f\u0131tlar\u0131&#8221; konulu resim yar\u0131\u015fmas\u0131n\u0131n kazananlar\u0131 belli oldu.<\/p>\n<p>Bodrum denizcilik tarihine \u0131\u015f\u0131k tutan 3 ana koleksiyonun bulundu\u011fu, m\u00fczeyi etkin bir \u00f6\u011frenme alan\u0131 olarak g\u00f6rerek hafta sonu at\u00f6lyeleri, projeler ve m\u00fcze gezileri ile her ya\u015ftan \u00f6\u011frenciyi destekleyen Bodrum Deniz M\u00fczesi, bu y\u0131l &#8220;Deniz Ta\u015f\u0131tlar\u0131&#8221; konusu ile resim yar\u0131\u015fmas\u0131n\u0131n \u015fartnamesini ve \u00f6d\u00fcllerini a\u00e7\u0131klad\u0131. Yar\u0131\u015fmas\u0131n\u0131n konusu, \u00c7ank\u0131r\u0131 Karatekin \u00dcniversitesi Sanat Tasar\u0131m ve Mimarl\u0131k Fak\u00fcltesi Temel Sanat Bilimleri B\u00f6l\u00fcm Ba\u015fkan\u0131 Do\u00e7. Dr. Mustafa G\u00fcrb\u00fcz Beydiz taraf\u0131ndan olu\u015fturuldu. \u00d6\u011frencileri ara\u015ft\u0131rmaya ve \u00f6\u011frenmeye te\u015fvik ederek ge\u00e7mi\u015ften gelece\u011fe uzanan deniz ta\u015f\u0131tlar\u0131n\u0131n sanatsal bir bak\u0131\u015fla ele al\u0131nmas\u0131 ama\u00e7land\u0131.<\/p>\n<p>Ba\u015far\u0131 \u00f6d\u00fcllerini kazananlar, il\u00e7edeki bir al\u0131\u015f veri\u015f merkezinde ger\u00e7ekle\u015fen t\u00f6rende \u00f6d\u00fcllerini al\u0131rken yar\u0131\u015fmaya \u00f6zel sergi a\u00e7\u0131l\u0131\u015f\u0131 da ger\u00e7ekle\u015ftirildi.<br \/><\/p>\n","protected":false},"excerpt":{"rendered":"<p>Bodrum Belediyesi b\u00fcnyesinde faaliyet g\u00f6steren Bodrum Deniz M\u00fczesi\u2019nin bu y\u0131l alt\u0131nc\u0131s\u0131n\u0131 d\u00fczenledi\u011fi &#8220;Deniz Ta\u015f\u0131tlar\u0131&#8221; konulu resim yar\u0131\u015fmas\u0131n\u0131n kazananlar\u0131 belli oldu. Bodrum denizcilik tarihine \u0131\u015f\u0131k tutan 3 ana koleksiyonun bulundu\u011fu, m\u00fczeyi etkin bir \u00f6\u011frenme alan\u0131 olarak g\u00f6rerek hafta sonu at\u00f6lyeleri, projeler ve m\u00fcze gezileri ile her ya\u015ftan \u00f6\u011frenciyi destekleyen Bodrum Deniz M\u00fczesi, bu y\u0131l &#8220;Deniz Ta\u015f\u0131tlar\u0131&#8221;&#8230;<\/p>\n","protected":false},"author":1,"featured_media":28219,"comment_status":"open","ping_status":"open","sticky":false,"template":"","format":"standard","meta":{"_crdt_document":"","footnotes":""},"categories":[1],"tags":[],"class_list":["post-28218","post","type-post","status-publish","format-standard","has-post-thumbnail","hentry","category-guncel"],"_links":{"self":[{"href":"https:\/\/www.egemtv.com\/index.php?rest_route=\/wp\/v2\/posts\/28218","targetHints":{"allow":["GET"]}}],"collection":[{"href":"https:\/\/www.egemtv.com\/index.php?rest_route=\/wp\/v2\/posts"}],"about":[{"href":"https:\/\/www.egemtv.com\/index.php?rest_route=\/wp\/v2\/types\/post"}],"author":[{"embeddable":true,"href":"https:\/\/www.egemtv.com\/index.php?rest_route=\/wp\/v2\/users\/1"}],"replies":[{"embeddable":true,"href":"https:\/\/www.egemtv.com\/index.php?rest_route=%2Fwp%2Fv2%2Fcomments&post=28218"}],"version-history":[{"count":1,"href":"https:\/\/www.egemtv.com\/index.php?rest_route=\/wp\/v2\/posts\/28218\/revisions"}],"predecessor-version":[{"id":28220,"href":"https:\/\/www.egemtv.com\/index.php?rest_route=\/wp\/v2\/posts\/28218\/revisions\/28220"}],"wp:featuredmedia":[{"embeddable":true,"href":"https:\/\/www.egemtv.com\/index.php?rest_route=\/wp\/v2\/media\/28219"}],"wp:attachment":[{"href":"https:\/\/www.egemtv.com\/index.php?rest_route=%2Fwp%2Fv2%2Fmedia&parent=28218"}],"wp:term":[{"taxonomy":"category","embeddable":true,"href":"https:\/\/www.egemtv.com\/index.php?rest_route=%2Fwp%2Fv2%2Fcategories&post=28218"},{"taxonomy":"post_tag","embeddable":true,"href":"https:\/\/www.egemtv.com\/index.php?rest_route=%2Fwp%2Fv2%2Ftags&post=28218"}],"curies":[{"name":"wp","href":"https:\/\/api.w.org\/{rel}","templated":true}]}}