{"id":28215,"date":"2025-05-12T16:16:04","date_gmt":"2025-05-12T13:16:04","guid":{"rendered":"https:\/\/www.egemtv.com\/?p=28215"},"modified":"2025-05-12T16:16:10","modified_gmt":"2025-05-12T13:16:10","slug":"kaymakam-ozdemir-sporculari-agirladi","status":"publish","type":"post","link":"https:\/\/www.egemtv.com\/?p=28215","title":{"rendered":"Kaymakam \u00d6zdemir sporcular\u0131 a\u011f\u0131rlad\u0131"},"content":{"rendered":"<p>Manisa\u2019n\u0131n Kula il\u00e7esinden Okul Sporlar\u0131 Softbol Gen\u00e7ler K\u0131z T\u00fcrkiye \u015eampiyonas\u0131\u2019na kat\u0131lan Selim-Sabahat Palanduz Anadolu Lisesi \u00f6\u011frencileri, Kula Kaymakam\u0131 \u00d6mer Ahmet \u00d6zdemir\u2019i makam\u0131nda ziyaret etti.<br \/>\n<br \/>25-30 Nisan tarihleri aras\u0131nda Ayd\u0131n\u2019da d\u00fczenlenen \u015fampiyonada Manisa\u2019y\u0131 temsil eden ve ilk kez bu d\u00fczeyde bir organizasyona kat\u0131lan Kula\u2019n\u0131n gen\u00e7 sporcular\u0131, g\u00f6sterdikleri \u00fcst\u00fcn performansla takdir toplad\u0131. Softbolun, halk aras\u0131nda beyzbol olarak bilinen y\u00f6nleriyle dikkat \u00e7eken bir spor dal\u0131 oldu\u011funu belirten \u00f6\u011frenciler, bu bran\u015f\u0131 Kula ve Manisa\u2019da tan\u0131tmay\u0131 ama\u00e7lad\u0131klar\u0131n\u0131 ifade etti.<br \/>\n<br \/>Beden E\u011fitimi \u00d6\u011fretmeni Mehmet Baytar ve ayn\u0131 zamanda tak\u0131m\u0131n antren\u00f6rl\u00fc\u011f\u00fcn\u00fc \u00fcstlenen Bebekli \u0130lk\u00f6\u011fretim Okulu Beden E\u011fitimi \u00d6\u011fretmeni \u00d6zkan \u00dcz\u00fcml\u00fc ile birlikte 9 \u00f6\u011frenci, Kula Kaymakam\u0131 \u00d6mer Ahmet \u00d6zdemir taraf\u0131ndan kabul edildi. Ziyarette sporcular, \u015fampiyona s\u00fcreci ve elde ettikleri tecr\u00fcbeleri Kaymakam \u00d6zdemir ile payla\u015ft\u0131.<br \/>\n<br \/>Tak\u0131m kaptan\u0131 Belinay K\u0131rl\u0131, &#8220;Softbolu ilk kez internette g\u00f6rm\u00fc\u015ft\u00fcm. Tak\u0131ma kat\u0131lmadan \u00f6nce bu sporu hi\u00e7 duymam\u0131\u015ft\u0131m. Hocalar\u0131m\u0131n deste\u011fiyle ba\u015flad\u0131m ve \u015fimdi b\u00fcy\u00fck bir tutkuyla oynuyorum. T\u00fcrkiye \u015eampiyonas\u0131 bizim i\u00e7in \u00f6nemli bir tecr\u00fcbe oldu. Softbolda milli sporcu olmay\u0131 ve beden e\u011fitimi \u00f6\u011fretmenli\u011fi okumay\u0131 hedefliyorum&#8221; diye konu\u015ftu.<br \/>\n<br \/>Ziyaretten duydu\u011fu memnuniyeti dile getiren Kaymakam \u00d6mer Ahmet \u00d6zdemir ise, &#8220;Selim-Sabahat Palanduz Anadolu Lisesi Softbol Tak\u0131m\u0131 antren\u00f6r\u00fc ve sporcular\u0131na nazik ziyaretleri i\u00e7in te\u015fekk\u00fcr ederim. Beyzbola benzerli\u011fiyle dikkat \u00e7eken ve il\u00e7emizde yeni tan\u0131nan bu spor dal\u0131nda ba\u015far\u0131 g\u00f6steren \u00f6\u011frencilerimizi tebrik ediyor, yollar\u0131n\u0131n a\u00e7\u0131k olmas\u0131n\u0131 diliyorum&#8221; dedi.<br \/>\n<br \/>Manisa\u2019y\u0131 temsil ederek il\u00e7eye b\u00fcy\u00fck bir gurur ya\u015fatan gen\u00e7 sporcular, ziyaretin sonunda hat\u0131ra foto\u011fraf\u0131 \u00e7ektirdi.<br \/><\/p>\n","protected":false},"excerpt":{"rendered":"<p>Manisa\u2019n\u0131n Kula il\u00e7esinden Okul Sporlar\u0131 Softbol Gen\u00e7ler K\u0131z T\u00fcrkiye \u015eampiyonas\u0131\u2019na kat\u0131lan Selim-Sabahat Palanduz Anadolu Lisesi \u00f6\u011frencileri, Kula Kaymakam\u0131 \u00d6mer Ahmet \u00d6zdemir\u2019i makam\u0131nda ziyaret etti. 25-30 Nisan tarihleri aras\u0131nda Ayd\u0131n\u2019da d\u00fczenlenen \u015fampiyonada Manisa\u2019y\u0131 temsil eden ve ilk kez bu d\u00fczeyde bir organizasyona kat\u0131lan Kula\u2019n\u0131n gen\u00e7 sporcular\u0131, g\u00f6sterdikleri \u00fcst\u00fcn performansla takdir toplad\u0131. Softbolun, halk aras\u0131nda beyzbol olarak&#8230;<\/p>\n","protected":false},"author":1,"featured_media":28216,"comment_status":"open","ping_status":"open","sticky":false,"template":"","format":"standard","meta":{"_crdt_document":"","footnotes":""},"categories":[4],"tags":[],"class_list":["post-28215","post","type-post","status-publish","format-standard","has-post-thumbnail","hentry","category-spor"],"_links":{"self":[{"href":"https:\/\/www.egemtv.com\/index.php?rest_route=\/wp\/v2\/posts\/28215","targetHints":{"allow":["GET"]}}],"collection":[{"href":"https:\/\/www.egemtv.com\/index.php?rest_route=\/wp\/v2\/posts"}],"about":[{"href":"https:\/\/www.egemtv.com\/index.php?rest_route=\/wp\/v2\/types\/post"}],"author":[{"embeddable":true,"href":"https:\/\/www.egemtv.com\/index.php?rest_route=\/wp\/v2\/users\/1"}],"replies":[{"embeddable":true,"href":"https:\/\/www.egemtv.com\/index.php?rest_route=%2Fwp%2Fv2%2Fcomments&post=28215"}],"version-history":[{"count":1,"href":"https:\/\/www.egemtv.com\/index.php?rest_route=\/wp\/v2\/posts\/28215\/revisions"}],"predecessor-version":[{"id":28217,"href":"https:\/\/www.egemtv.com\/index.php?rest_route=\/wp\/v2\/posts\/28215\/revisions\/28217"}],"wp:featuredmedia":[{"embeddable":true,"href":"https:\/\/www.egemtv.com\/index.php?rest_route=\/wp\/v2\/media\/28216"}],"wp:attachment":[{"href":"https:\/\/www.egemtv.com\/index.php?rest_route=%2Fwp%2Fv2%2Fmedia&parent=28215"}],"wp:term":[{"taxonomy":"category","embeddable":true,"href":"https:\/\/www.egemtv.com\/index.php?rest_route=%2Fwp%2Fv2%2Fcategories&post=28215"},{"taxonomy":"post_tag","embeddable":true,"href":"https:\/\/www.egemtv.com\/index.php?rest_route=%2Fwp%2Fv2%2Ftags&post=28215"}],"curies":[{"name":"wp","href":"https:\/\/api.w.org\/{rel}","templated":true}]}}