{"id":28197,"date":"2025-05-12T15:37:14","date_gmt":"2025-05-12T12:37:14","guid":{"rendered":"https:\/\/www.egemtv.com\/?p=28197"},"modified":"2025-05-12T15:37:21","modified_gmt":"2025-05-12T12:37:21","slug":"ak-partili-inan-bugun-gunlerden-terorsuz-turkiye","status":"publish","type":"post","link":"https:\/\/www.egemtv.com\/?p=28197","title":{"rendered":"AK Partili \u0130nan: &#8220;Bug\u00fcn g\u00fcnlerden ter\u00f6rs\u00fcz T\u00fcrkiye&#8221;"},"content":{"rendered":"<p>AK Parti Genel Sekreteri ve \u0130zmir Milletvekili Eyy\u00fcp Kadir \u0130nan, PKK\u2019n\u0131n silah b\u0131rakma ve kendini feshetme karar\u0131yla ilgili &#8220;Bug\u00fcn g\u00fcnlerden ter\u00f6rs\u00fcz T\u00fcrkiye&#8221; dedi. Sosyal medya hesab\u0131ndan a\u00e7\u0131klama yapan \u0130nan, Cumhurba\u015fkan\u0131 Recep Tayyip Erdo\u011fan ve MHP Lideri Devlet Bah\u00e7eli\u2019nin ortaya koydu\u011fu iradeye dikkat \u00e7ekti.<br \/>\n<br \/>AK Parti Genel Sekreteri ve \u0130zmir Milletvekili Eyy\u00fcp Kadir \u0130nan, PKK\u2019n\u0131n silah b\u0131rakma ve kendini feshetme karar\u0131yla ilgili a\u00e7\u0131klama yapt\u0131. &#8220;Bug\u00fcn g\u00fcnlerden ter\u00f6rs\u00fcz T\u00fcrkiye&#8221; diye ba\u015flad\u0131\u011f\u0131 a\u00e7\u0131klamas\u0131nda \u0130nan, Cumhurba\u015fkan\u0131 Recep Tayyip Erdo\u011fan ve MHP Lideri Devlet Bah\u00e7eli\u2019nin ortaya koydu\u011fu iradeye dikkat \u00e7ekti. &#8220;Ter\u00f6r \u00f6rg\u00fct\u00fcn\u00fcn feshi ve 50 y\u0131ll\u0131k ter\u00f6r\u00fcn sonlamas\u0131 s\u00fcreci, \u00fclkemizin b\u00f6lgedeki oyun kurucu pozisyonunu bir kez daha g\u00fcncellemi\u015ftir. \u015eimdi i\u00e7 cepheyi daha da g\u00fc\u00e7lendirme zaman\u0131&#8221; dedi.<br \/>\n<br \/>Eyy\u00fcp Kadir \u0130nan, sosyal medya \u00fczerinden Cumhurba\u015fkan\u0131 Erdo\u011fan\u2019\u0131n foto\u011fraf\u0131 ile yapt\u0131\u011f\u0131 a\u00e7\u0131klamas\u0131nda \u015fu ifadelere yer verdi: &#8220;Bug\u00fcn g\u00fcnlerden Ter\u00f6rs\u00fcz T\u00fcrkiye hedefimiz i\u00e7in yeni bir sayfa a\u00e7\u0131lm\u0131\u015ft\u0131r. Bug\u00fcn bu \u00fclkenin gen\u00e7leri i\u00e7in asilce ve feraset dolu bir \u2018devrimsel geli\u015fme\u2019 daha hayata ge\u00e7irilmi\u015ftir. Ter\u00f6r \u00f6rg\u00fct\u00fcn\u00fcn feshi ve 50 y\u0131ll\u0131k ter\u00f6r\u00fcn sonlamas\u0131 s\u00fcreci, \u00fclkemizin b\u00f6lgedeki oyun kurucu pozisyonunu bir kez daha g\u00fcncellemi\u015ftir. \u015eimdi i\u00e7 cepheyi daha da g\u00fc\u00e7lendirme zaman\u0131. Birlik beraberlik ve karde\u015fli\u011fimizi peki\u015ftirmek i\u00e7in her zamankinden \u00e7ok i\u015fimiz var. Cumhurba\u015fkan\u0131m\u0131z ve Genel Ba\u015fkan\u0131m\u0131z Say\u0131n Recep Tayyip Erdo\u011fan ve Say\u0131n Devlet Bah\u00e7eli\u2019nin ortaya koydu\u011fu irade ve kararl\u0131l\u0131k bir milat olarak tarihe ge\u00e7mi\u015ftir. Kendilerine bu \u00fclkenin gen\u00e7leri ve gelece\u011fi ad\u0131na \u00e7ok minnettar\u0131z.&#8221;<br \/><\/p>\n","protected":false},"excerpt":{"rendered":"<p>AK Parti Genel Sekreteri ve \u0130zmir Milletvekili Eyy\u00fcp Kadir \u0130nan, PKK\u2019n\u0131n silah b\u0131rakma ve kendini feshetme karar\u0131yla ilgili &#8220;Bug\u00fcn g\u00fcnlerden ter\u00f6rs\u00fcz T\u00fcrkiye&#8221; dedi. Sosyal medya hesab\u0131ndan a\u00e7\u0131klama yapan \u0130nan, Cumhurba\u015fkan\u0131 Recep Tayyip Erdo\u011fan ve MHP Lideri Devlet Bah\u00e7eli\u2019nin ortaya koydu\u011fu iradeye dikkat \u00e7ekti. AK Parti Genel Sekreteri ve \u0130zmir Milletvekili Eyy\u00fcp Kadir \u0130nan, PKK\u2019n\u0131n silah&#8230;<\/p>\n","protected":false},"author":1,"featured_media":28198,"comment_status":"open","ping_status":"open","sticky":false,"template":"","format":"standard","meta":{"_crdt_document":"","footnotes":""},"categories":[5],"tags":[],"class_list":["post-28197","post","type-post","status-publish","format-standard","has-post-thumbnail","hentry","category-asayis"],"_links":{"self":[{"href":"https:\/\/www.egemtv.com\/index.php?rest_route=\/wp\/v2\/posts\/28197","targetHints":{"allow":["GET"]}}],"collection":[{"href":"https:\/\/www.egemtv.com\/index.php?rest_route=\/wp\/v2\/posts"}],"about":[{"href":"https:\/\/www.egemtv.com\/index.php?rest_route=\/wp\/v2\/types\/post"}],"author":[{"embeddable":true,"href":"https:\/\/www.egemtv.com\/index.php?rest_route=\/wp\/v2\/users\/1"}],"replies":[{"embeddable":true,"href":"https:\/\/www.egemtv.com\/index.php?rest_route=%2Fwp%2Fv2%2Fcomments&post=28197"}],"version-history":[{"count":1,"href":"https:\/\/www.egemtv.com\/index.php?rest_route=\/wp\/v2\/posts\/28197\/revisions"}],"predecessor-version":[{"id":28199,"href":"https:\/\/www.egemtv.com\/index.php?rest_route=\/wp\/v2\/posts\/28197\/revisions\/28199"}],"wp:featuredmedia":[{"embeddable":true,"href":"https:\/\/www.egemtv.com\/index.php?rest_route=\/wp\/v2\/media\/28198"}],"wp:attachment":[{"href":"https:\/\/www.egemtv.com\/index.php?rest_route=%2Fwp%2Fv2%2Fmedia&parent=28197"}],"wp:term":[{"taxonomy":"category","embeddable":true,"href":"https:\/\/www.egemtv.com\/index.php?rest_route=%2Fwp%2Fv2%2Fcategories&post=28197"},{"taxonomy":"post_tag","embeddable":true,"href":"https:\/\/www.egemtv.com\/index.php?rest_route=%2Fwp%2Fv2%2Ftags&post=28197"}],"curies":[{"name":"wp","href":"https:\/\/api.w.org\/{rel}","templated":true}]}}