{"id":28194,"date":"2025-05-12T15:37:09","date_gmt":"2025-05-12T12:37:09","guid":{"rendered":"https:\/\/www.egemtv.com\/?p=28194"},"modified":"2025-05-12T15:37:14","modified_gmt":"2025-05-12T12:37:14","slug":"senem-sen-hatira-bahcesi-anneler-gununde-acildi","status":"publish","type":"post","link":"https:\/\/www.egemtv.com\/?p=28194","title":{"rendered":"\u2018Senem \u015een Hat\u0131ra Bah\u00e7esi\u2019 Anneler G\u00fcn\u00fc\u2019nde a\u00e7\u0131ld\u0131"},"content":{"rendered":"<p>Mu\u011fla B\u00fcy\u00fck\u015fehir Belediyesi, e\u015fi taraf\u0131ndan \u00f6ld\u00fcr\u00fclen Senem \u015een\u2019in an\u0131s\u0131n\u0131 ya\u015fatmak ve kad\u0131n cinayetlerine dikkat \u00e7ekmek amac\u0131yla Anneler G\u00fcn\u00fc\u2019nde anlaml\u0131 bir projeyi hayata ge\u00e7irerek, Yata\u011fan Bah\u00e7eyaka Ak\u0131ll\u0131 Tar\u0131m \u00c7iftli\u011fi i\u00e7erisinde Senem \u015een Hat\u0131ra Bah\u00e7esini t\u00f6renle a\u00e7t\u0131.<br \/>\n<br \/>B\u00fcy\u00fck\u015fehir Belediyesi taraf\u0131ndan olu\u015fturulan hat\u0131ra bah\u00e7esi, kad\u0131n cinayetlerine kar\u015f\u0131 fark\u0131ndal\u0131k olu\u015fturmak amac\u0131yla haz\u0131rland\u0131. A\u00e7\u0131l\u0131\u015f t\u00f6renine K\u0131y\u0131 Ege Belediyeler Birli\u011fi ve Mu\u011fla B\u00fcy\u00fck\u015fehir Belediye Ba\u015fkan\u0131 Ahmet Aras, Mente\u015fe Belediye Ba\u015fkan\u0131 Gonca K\u00f6ksal, Yata\u011fan Belediye Ba\u015fkan\u0131 Mesut G\u00fcnay, Senem \u015een\u2019in ailesi, yak\u0131nlar\u0131 ve \u00e7ok say\u0131da vatanda\u015f kat\u0131ld\u0131.<br \/>\n<br \/>A\u00e7\u0131l\u0131\u015f t\u00f6reninde konu\u015fan Senem \u015een\u2019in annesi Fatma Ko\u00e7o\u011flu: &#8220;Mutlu oldum. Onun unutulmamas\u0131 \u00e7ok ho\u015fuma gitti. \u00c7\u00fcnk\u00fc onu \u00e7ok \u00f6zl\u00fcyorum art\u0131k. O da herhalde hissediyordur. \u00c7\u00fcnk\u00fc ya\u015famay\u0131 seven bir insand\u0131, hayat doluydu. \u00c7al\u0131\u015fkan bir \u00e7ocuktu. Yani sevindim. B\u00f6yle bir \u015fey d\u00fc\u015f\u00fcn\u00fclmesi \u00e7ok ho\u015fuma gitti. Te\u015fekk\u00fcr ederim&#8221; dedi.<br \/>\n<br \/>Mente\u015fe Belediye Ba\u015fkan\u0131 Gonca K\u00f6ksal Aras, ise konu\u015fmas\u0131nda \u015funlar\u0131 kaydetti, &#8220;Senem\u2019in ad\u0131n\u0131 ya\u015fataca\u011f\u0131z. Bu k\u00f6t\u00fc \u00f6rneklerin tekrar ya\u015fanmamas\u0131 i\u00e7in el birli\u011fiyle hep beraber \u00e7al\u0131\u015faca\u011f\u0131z. Allah\u2019tan rahmet veriyorum Senem\u2019e. Ad\u0131 g\u00fczelliklerle, g\u00fczel \u015fekillerde an\u0131l\u0131yor. Anneler G\u00fcn\u00fc\u2019m\u00fcz\u00fc kutluyorum&#8221; dedi.<br \/>\n<br \/>K\u0131y\u0131 Ege Belediyeler Birli\u011fi ve Mu\u011fla B\u00fcy\u00fck\u015fehir Belediye Ba\u015fkan\u0131 Ahmet Aras yapt\u0131\u011f\u0131 konu\u015fmada \u015funlar\u0131 s\u00f6yledi, &#8220;Bug\u00fcn Anneler G\u00fcn\u00fc vesilesiyle d\u00fczenlenen bu program \u00e7ok anlaml\u0131 oldu. Maalesef gen\u00e7 ya\u015fta elim bir olay sonucu ayr\u0131lan Senem arkada\u015f\u0131m\u0131z\u0131n da hem burada an\u0131l\u0131yor olmas\u0131, onun isminin burada ya\u015fat\u0131lacak olmas\u0131 asl\u0131nda Anneler G\u00fcn\u00fc\u2019n\u00fcn kutlanmas\u0131yla ilgili bence en anlaml\u0131 organizasyonlardan bir tanesi oldu. \u0130n\u015fallah bunlar son bulur ama bunlar\u0131n son bulmas\u0131 i\u00e7in \u00e7al\u0131\u015fmak da laz\u0131m. Biz ger\u00e7ekten de bu konuda b\u00fcy\u00fck bir gayret i\u00e7erisindeyiz. Son olmas\u0131 i\u00e7in Mu\u011fla gibi T\u00fcrkiye\u2019nin en ayd\u0131nl\u0131k, en \u00e7a\u011fda\u015f kentlerinden bir tanesinde bunlar\u0131n ya\u015famamas\u0131 gerekti\u011fini s\u00f6yl\u00fcyoruz ve ayn\u0131 zamanda kendi kurumumuzda da uyguluyoruz&#8221; dedi.<br \/><\/p>\n","protected":false},"excerpt":{"rendered":"<p>Mu\u011fla B\u00fcy\u00fck\u015fehir Belediyesi, e\u015fi taraf\u0131ndan \u00f6ld\u00fcr\u00fclen Senem \u015een\u2019in an\u0131s\u0131n\u0131 ya\u015fatmak ve kad\u0131n cinayetlerine dikkat \u00e7ekmek amac\u0131yla Anneler G\u00fcn\u00fc\u2019nde anlaml\u0131 bir projeyi hayata ge\u00e7irerek, Yata\u011fan Bah\u00e7eyaka Ak\u0131ll\u0131 Tar\u0131m \u00c7iftli\u011fi i\u00e7erisinde Senem \u015een Hat\u0131ra Bah\u00e7esini t\u00f6renle a\u00e7t\u0131. B\u00fcy\u00fck\u015fehir Belediyesi taraf\u0131ndan olu\u015fturulan hat\u0131ra bah\u00e7esi, kad\u0131n cinayetlerine kar\u015f\u0131 fark\u0131ndal\u0131k olu\u015fturmak amac\u0131yla haz\u0131rland\u0131. A\u00e7\u0131l\u0131\u015f t\u00f6renine K\u0131y\u0131 Ege Belediyeler Birli\u011fi ve&#8230;<\/p>\n","protected":false},"author":1,"featured_media":28195,"comment_status":"open","ping_status":"open","sticky":false,"template":"","format":"standard","meta":{"_crdt_document":"","footnotes":""},"categories":[123],"tags":[],"class_list":["post-28194","post","type-post","status-publish","format-standard","has-post-thumbnail","hentry","category-gundem"],"_links":{"self":[{"href":"https:\/\/www.egemtv.com\/index.php?rest_route=\/wp\/v2\/posts\/28194","targetHints":{"allow":["GET"]}}],"collection":[{"href":"https:\/\/www.egemtv.com\/index.php?rest_route=\/wp\/v2\/posts"}],"about":[{"href":"https:\/\/www.egemtv.com\/index.php?rest_route=\/wp\/v2\/types\/post"}],"author":[{"embeddable":true,"href":"https:\/\/www.egemtv.com\/index.php?rest_route=\/wp\/v2\/users\/1"}],"replies":[{"embeddable":true,"href":"https:\/\/www.egemtv.com\/index.php?rest_route=%2Fwp%2Fv2%2Fcomments&post=28194"}],"version-history":[{"count":1,"href":"https:\/\/www.egemtv.com\/index.php?rest_route=\/wp\/v2\/posts\/28194\/revisions"}],"predecessor-version":[{"id":28196,"href":"https:\/\/www.egemtv.com\/index.php?rest_route=\/wp\/v2\/posts\/28194\/revisions\/28196"}],"wp:featuredmedia":[{"embeddable":true,"href":"https:\/\/www.egemtv.com\/index.php?rest_route=\/wp\/v2\/media\/28195"}],"wp:attachment":[{"href":"https:\/\/www.egemtv.com\/index.php?rest_route=%2Fwp%2Fv2%2Fmedia&parent=28194"}],"wp:term":[{"taxonomy":"category","embeddable":true,"href":"https:\/\/www.egemtv.com\/index.php?rest_route=%2Fwp%2Fv2%2Fcategories&post=28194"},{"taxonomy":"post_tag","embeddable":true,"href":"https:\/\/www.egemtv.com\/index.php?rest_route=%2Fwp%2Fv2%2Ftags&post=28194"}],"curies":[{"name":"wp","href":"https:\/\/api.w.org\/{rel}","templated":true}]}}