{"id":28188,"date":"2025-05-12T15:36:57","date_gmt":"2025-05-12T12:36:57","guid":{"rendered":"https:\/\/www.egemtv.com\/?p=28188"},"modified":"2025-05-12T15:37:03","modified_gmt":"2025-05-12T12:37:03","slug":"ornekkoyde-adina-yakismayan-cop-yiginlari-cozum-bekliyor","status":"publish","type":"post","link":"https:\/\/www.egemtv.com\/?p=28188","title":{"rendered":"\u00d6rnekk\u00f6y\u2019de, ad\u0131na yak\u0131\u015fmayan \u00e7\u00f6p y\u0131\u011f\u0131nlar\u0131 \u00e7\u00f6z\u00fcm bekliyor"},"content":{"rendered":"<p>Kar\u015f\u0131yaka il\u00e7esine ba\u011fl\u0131 \u00d6rnekk\u00f6y Mahallesinde bo\u015f araziye geli\u015fig\u00fczel b\u0131rak\u0131lan \u00e7\u00f6p ve molozlar tepki \u00e7ekerken, mahallenin ad\u0131na yak\u0131\u015fmayan k\u00f6t\u00fc manzaran\u0131n uzun s\u00fcredir \u00e7\u00f6z\u00fcm bekledi\u011fi ortaya \u00e7\u0131kt\u0131.<br \/>\n<br \/>\u00d6rnekk\u00f6y Mahallesi\u2019nde y\u00fcksek katl\u0131 binalar\u0131n, l\u00fcks dairelerin bulundu\u011fu kentsel d\u00f6n\u00fc\u015f\u00fcm b\u00f6lgesinde ya\u015fanan \u00e7evre kirlili\u011fi vatanda\u015f\u0131 bezdirdi. Bo\u015f bir arazi geli\u015fig\u00fczel b\u0131rak\u0131lan moloz ve \u00e7\u00f6plerle doldu ta\u015ft\u0131. \u00d6rnekk\u00f6y\u2019\u00fcn ad\u0131na yak\u0131\u015fmayan \u00e7irkin manzara, havalar\u0131n \u0131s\u0131nmas\u0131yla birlikte ayn\u0131 zamanda \u00e7evreye k\u00f6t\u00fc koku da yaymaya ba\u015flad\u0131. \u00c7evredeki site sakinleri, defalarca \u015fikayette bulunmalar\u0131na ra\u011fmen belediyenin hi\u00e7bir \u00f6nlem almad\u0131\u011f\u0131n\u0131 \u00f6ne s\u00fcrd\u00fc. Moloz ve \u00e7\u00f6p y\u0131\u011f\u0131nlar\u0131n\u0131n uzun s\u00fcredir temizlenmedi\u011fini belirten vatanda\u015flar, \u0130zmir\u2019in art\u0131k \u00e7\u00f6ple, k\u00f6rfez kirlili\u011fi ile an\u0131lmas\u0131ndan b\u00fcy\u00fck rahats\u0131zl\u0131k duyduklar\u0131n\u0131 ifade ettiler. \u0130zmir\u2019in farkl\u0131 il\u00e7elerinde ortaya \u00e7\u0131kan \u00e7\u00f6p manzaralar\u0131n\u0131n \u015fehri Hindistan\u2019a \u00e7evirdi\u011fini s\u00f6yleyen vatanda\u015flar, yetkililerin \u00e7evre konusunda art\u0131k daha hassas davranmas\u0131 gerekti\u011fini kaydettiler.<\/p>\n<p>G\u00f6r\u00fcnt\u00fcler sosyal medyada geni\u015f yank\u0131 buldu<br \/>\n<br \/>\u0130zmir\u2019in en b\u00fcy\u00fck il\u00e7elerinden birisi olan Kar\u015f\u0131yaka\u2019da \u00e7\u00f6p toplama alan\u0131 olmayan bir araziye \u00e7\u00f6plerin at\u0131lmas\u0131 sosyal medyada geni\u015f bir yank\u0131 buldu. \u0130nternet ortam\u0131nda payla\u015f\u0131lan g\u00f6r\u00fcnt\u00fc k\u0131sa bir s\u00fcre i\u00e7erisinde y\u00fcksek etkile\u015fim al\u0131rken vatanda\u015flar ise \u2018Buras\u0131 Hindistan m\u0131\u2019 yorumlar\u0131nda bulundu.<br \/><\/p>\n","protected":false},"excerpt":{"rendered":"<p>Kar\u015f\u0131yaka il\u00e7esine ba\u011fl\u0131 \u00d6rnekk\u00f6y Mahallesinde bo\u015f araziye geli\u015fig\u00fczel b\u0131rak\u0131lan \u00e7\u00f6p ve molozlar tepki \u00e7ekerken, mahallenin ad\u0131na yak\u0131\u015fmayan k\u00f6t\u00fc manzaran\u0131n uzun s\u00fcredir \u00e7\u00f6z\u00fcm bekledi\u011fi ortaya \u00e7\u0131kt\u0131. \u00d6rnekk\u00f6y Mahallesi\u2019nde y\u00fcksek katl\u0131 binalar\u0131n, l\u00fcks dairelerin bulundu\u011fu kentsel d\u00f6n\u00fc\u015f\u00fcm b\u00f6lgesinde ya\u015fanan \u00e7evre kirlili\u011fi vatanda\u015f\u0131 bezdirdi. Bo\u015f bir arazi geli\u015fig\u00fczel b\u0131rak\u0131lan moloz ve \u00e7\u00f6plerle doldu ta\u015ft\u0131. \u00d6rnekk\u00f6y\u2019\u00fcn ad\u0131na yak\u0131\u015fmayan \u00e7irkin&#8230;<\/p>\n","protected":false},"author":1,"featured_media":28189,"comment_status":"open","ping_status":"open","sticky":false,"template":"","format":"standard","meta":{"_crdt_document":"","footnotes":""},"categories":[1],"tags":[],"class_list":["post-28188","post","type-post","status-publish","format-standard","has-post-thumbnail","hentry","category-guncel"],"_links":{"self":[{"href":"https:\/\/www.egemtv.com\/index.php?rest_route=\/wp\/v2\/posts\/28188","targetHints":{"allow":["GET"]}}],"collection":[{"href":"https:\/\/www.egemtv.com\/index.php?rest_route=\/wp\/v2\/posts"}],"about":[{"href":"https:\/\/www.egemtv.com\/index.php?rest_route=\/wp\/v2\/types\/post"}],"author":[{"embeddable":true,"href":"https:\/\/www.egemtv.com\/index.php?rest_route=\/wp\/v2\/users\/1"}],"replies":[{"embeddable":true,"href":"https:\/\/www.egemtv.com\/index.php?rest_route=%2Fwp%2Fv2%2Fcomments&post=28188"}],"version-history":[{"count":1,"href":"https:\/\/www.egemtv.com\/index.php?rest_route=\/wp\/v2\/posts\/28188\/revisions"}],"predecessor-version":[{"id":28190,"href":"https:\/\/www.egemtv.com\/index.php?rest_route=\/wp\/v2\/posts\/28188\/revisions\/28190"}],"wp:featuredmedia":[{"embeddable":true,"href":"https:\/\/www.egemtv.com\/index.php?rest_route=\/wp\/v2\/media\/28189"}],"wp:attachment":[{"href":"https:\/\/www.egemtv.com\/index.php?rest_route=%2Fwp%2Fv2%2Fmedia&parent=28188"}],"wp:term":[{"taxonomy":"category","embeddable":true,"href":"https:\/\/www.egemtv.com\/index.php?rest_route=%2Fwp%2Fv2%2Fcategories&post=28188"},{"taxonomy":"post_tag","embeddable":true,"href":"https:\/\/www.egemtv.com\/index.php?rest_route=%2Fwp%2Fv2%2Ftags&post=28188"}],"curies":[{"name":"wp","href":"https:\/\/api.w.org\/{rel}","templated":true}]}}