{"id":28179,"date":"2025-05-12T15:16:32","date_gmt":"2025-05-12T12:16:32","guid":{"rendered":"https:\/\/www.egemtv.com\/?p=28179"},"modified":"2025-05-12T15:16:36","modified_gmt":"2025-05-12T12:16:36","slug":"gazeteci-ozer-dogru-bilgi-barisa-yalan-bilgi-toplumu-savasa-yaklastirir","status":"publish","type":"post","link":"https:\/\/www.egemtv.com\/?p=28179","title":{"rendered":"Gazeteci \u00d6zer: &#8220;Do\u011fru bilgi bar\u0131\u015fa, yalan bilgi toplumu sava\u015fa yakla\u015ft\u0131r\u0131r&#8221;"},"content":{"rendered":"<p>Mu\u011fla S\u0131tk\u0131 Ko\u00e7man \u00dcniversitesi ev sahipli\u011finde, \u2018Dezenformasyon Perspektifinde Yak\u0131n Siyasi Tarih\u2019 konulu panel d\u00fczenlendi. Panelde konu\u015fan Gazeteci Murat \u00d6zer, PKK ter\u00f6r \u00f6rg\u00fct\u00fcn\u00fcn bug\u00fcn itibar\u0131yla silah b\u0131rakt\u0131\u011f\u0131n\u0131 belirterek, \u00fcretilen her do\u011fru bilginin bar\u0131\u015fa hizmet etti\u011fini, yay\u0131lan her yalan bilginin ise T\u00fcrkiye\u2019yi gelece\u011finden uzakla\u015ft\u0131raca\u011f\u0131n\u0131 a\u00e7\u0131klad\u0131.<br \/>\n<br \/>Panelin a\u00e7\u0131l\u0131\u015f konu\u015fmas\u0131n\u0131 yapan Cumhurba\u015fkanl\u0131\u011f\u0131 \u0130leti\u015fim Ba\u015fkanl\u0131\u011f\u0131 Mu\u011fla B\u00f6lge M\u00fcd\u00fcr\u00fc Erol K\u00fctahya, dezenformasyonun toplum \u00fczerindeki etkilerine dikkat \u00e7ekerek, &#8220;\u00d6zellikle bilgiye eri\u015fimin s\u0131n\u0131rl\u0131 oldu\u011fu ortamlarda, haberlerin manip\u00fcle edilerek insanlara yanl\u0131\u015f aktar\u0131lmas\u0131 s\u00fcreci olarak tan\u0131mlayabilece\u011fimiz dezenformasyon, g\u00fcn\u00fcm\u00fcz d\u00fcnyas\u0131n\u0131n en b\u00fcy\u00fck m\u00fccadele alanlar\u0131ndan biri olmasa da, toplumsal d\u00fczeni tehdit eden ciddi bir sorundur. T\u0131pk\u0131 sava\u015flarla, \u00e7evre sorunlar\u0131yla, e\u015fitsizlikle nas\u0131l m\u00fccadele ediyorsak, dezenformasyonla da ayn\u0131 ciddiyetle m\u00fccadele etmek zorunday\u0131z&#8221; dedi.<br \/>\n<br \/>Panelde konu\u015fan Mu\u011fla S\u0131tk\u0131 Ko\u00e7man \u00dcniversitesi Rekt\u00f6r\u00fc Prof. Dr. Turhan Ka\u00e7ar ise bilgi kirlili\u011finin modern \u00e7a\u011f\u0131n en ciddi sorunlar\u0131ndan biri oldu\u011funa i\u015faret ederek, &#8220;Bilgi kirlili\u011fi deryas\u0131nda bo\u011fulmamaya \u00e7al\u0131\u015ft\u0131\u011f\u0131m\u0131z modern d\u00fcnyada b\u00f6ylesi toplant\u0131lar, \u2018ger\u00e7ekte nas\u0131ld\u0131 acaba\u2019 sorusunu d\u00fc\u015f\u00fcnd\u00fcrtmesi i\u00e7in \u00f6nemlidir. Geni\u015f teknik imk\u00e2nlarla olu\u015fturulan bilgi kirlili\u011fi, zihinlerimizde adeta m\u00fcsilaja neden oluyor. Dezenformasyon art\u0131k yaln\u0131zca bireyi manip\u00fcle eden bir ileti\u015fim sorunu de\u011fil, do\u011frudan milli g\u00fcvenli\u011fimizi ilgilendiren, toplumsal yap\u0131m\u0131z\u0131 tehdit eden stratejik bir meseledir. \u00dcniversiteler olarak bizlere b\u00fcy\u00fck sorumluluklar d\u00fc\u015f\u00fcyor. \u00dcniversitemiz b\u00fcnyesinde kurdu\u011fumuz Dezenformasyonla M\u00fccadele Toplulu\u011fu, medya okuryazarl\u0131\u011f\u0131 \u00e7al\u0131\u015fmalar\u0131m\u0131z ve yerel bas\u0131nla kurdu\u011fumuz g\u00fc\u00e7l\u00fc ili\u015fkilerle bu m\u00fccadelede aktif rol \u00fcstleniyoruz&#8221; dedi.<br \/>\n<br \/>Panelde s\u00f6z alan gazeteci Murat \u00d6zer de yak\u0131n d\u00f6nemdeki geli\u015fmelere dikkat \u00e7ekerek, bar\u0131\u015f s\u00fcreci ve dezenformasyonun etkileri konusunda \u015funlar\u0131 kaydetti: &#8220;PKK ter\u00f6r \u00f6rg\u00fct\u00fc bug\u00fcn silah b\u0131rakt\u0131 ve siyasi alanda varl\u0131k g\u00f6stermek istedi\u011fini ilan etti. B\u00f6ylesine kritik bir s\u00fcre\u00e7te hepimizin \u00e7ok dikkatli olmas\u0131 gerekiyor. Bar\u0131\u015f\u0131 ger\u00e7ekle\u015ftirebilmek i\u00e7in her do\u011fru bilgi, bizi o hedefe bir ad\u0131m daha yakla\u015ft\u0131racakt\u0131r. \u00dcretilen her do\u011fru bilgi bar\u0131\u015fa hizmet ederken; yay\u0131lan her yalan bilgi, T\u00fcrkiye\u2019nin gelece\u011finden bizi uzakla\u015ft\u0131racak, gen\u00e7li\u011fimizin hayallerini \u00e7alacak ve toplumu sava\u015fa bir ad\u0131m daha yakla\u015ft\u0131racakt\u0131r. Bu nedenle \u00e7ok hassas bir d\u00f6nemdeyiz ve hepimizin \u00fczerinde b\u00fcy\u00fck sorumluluklar var. Hakikatin pe\u015finde olmak, insanl\u0131k ad\u0131na verilen bir m\u00fccadeledir. Bu meyanda, Dezenformasyonla M\u00fccadele Merkezi de ger\u00e7ek anlamda bir hakikat sava\u015f\u0131 y\u00fcr\u00fctmektedir.&#8221;<br \/>\n<br \/>Panele Cumhurba\u015fkanl\u0131\u011f\u0131 \u0130leti\u015fim Ba\u015fkanl\u0131\u011f\u0131 Dezenformasyonla M\u00fccadele Merkezi Koordinat\u00f6r\u00fc \u0130dris Karda\u015f, gazeteciler Nasuhi G\u00fcng\u00f6r, Murat \u00d6zer ve Tacettin Kutay konu\u015fmac\u0131 olarak kat\u0131ld\u0131.<br \/><\/p>\n","protected":false},"excerpt":{"rendered":"<p>Mu\u011fla S\u0131tk\u0131 Ko\u00e7man \u00dcniversitesi ev sahipli\u011finde, \u2018Dezenformasyon Perspektifinde Yak\u0131n Siyasi Tarih\u2019 konulu panel d\u00fczenlendi. Panelde konu\u015fan Gazeteci Murat \u00d6zer, PKK ter\u00f6r \u00f6rg\u00fct\u00fcn\u00fcn bug\u00fcn itibar\u0131yla silah b\u0131rakt\u0131\u011f\u0131n\u0131 belirterek, \u00fcretilen her do\u011fru bilginin bar\u0131\u015fa hizmet etti\u011fini, yay\u0131lan her yalan bilginin ise T\u00fcrkiye\u2019yi gelece\u011finden uzakla\u015ft\u0131raca\u011f\u0131n\u0131 a\u00e7\u0131klad\u0131. Panelin a\u00e7\u0131l\u0131\u015f konu\u015fmas\u0131n\u0131 yapan Cumhurba\u015fkanl\u0131\u011f\u0131 \u0130leti\u015fim Ba\u015fkanl\u0131\u011f\u0131 Mu\u011fla B\u00f6lge M\u00fcd\u00fcr\u00fc Erol K\u00fctahya,&#8230;<\/p>\n","protected":false},"author":1,"featured_media":28180,"comment_status":"open","ping_status":"open","sticky":false,"template":"","format":"standard","meta":{"_crdt_document":"","footnotes":""},"categories":[1],"tags":[],"class_list":["post-28179","post","type-post","status-publish","format-standard","has-post-thumbnail","hentry","category-guncel"],"_links":{"self":[{"href":"https:\/\/www.egemtv.com\/index.php?rest_route=\/wp\/v2\/posts\/28179","targetHints":{"allow":["GET"]}}],"collection":[{"href":"https:\/\/www.egemtv.com\/index.php?rest_route=\/wp\/v2\/posts"}],"about":[{"href":"https:\/\/www.egemtv.com\/index.php?rest_route=\/wp\/v2\/types\/post"}],"author":[{"embeddable":true,"href":"https:\/\/www.egemtv.com\/index.php?rest_route=\/wp\/v2\/users\/1"}],"replies":[{"embeddable":true,"href":"https:\/\/www.egemtv.com\/index.php?rest_route=%2Fwp%2Fv2%2Fcomments&post=28179"}],"version-history":[{"count":1,"href":"https:\/\/www.egemtv.com\/index.php?rest_route=\/wp\/v2\/posts\/28179\/revisions"}],"predecessor-version":[{"id":28181,"href":"https:\/\/www.egemtv.com\/index.php?rest_route=\/wp\/v2\/posts\/28179\/revisions\/28181"}],"wp:featuredmedia":[{"embeddable":true,"href":"https:\/\/www.egemtv.com\/index.php?rest_route=\/wp\/v2\/media\/28180"}],"wp:attachment":[{"href":"https:\/\/www.egemtv.com\/index.php?rest_route=%2Fwp%2Fv2%2Fmedia&parent=28179"}],"wp:term":[{"taxonomy":"category","embeddable":true,"href":"https:\/\/www.egemtv.com\/index.php?rest_route=%2Fwp%2Fv2%2Fcategories&post=28179"},{"taxonomy":"post_tag","embeddable":true,"href":"https:\/\/www.egemtv.com\/index.php?rest_route=%2Fwp%2Fv2%2Ftags&post=28179"}],"curies":[{"name":"wp","href":"https:\/\/api.w.org\/{rel}","templated":true}]}}