{"id":28176,"date":"2025-05-12T15:16:26","date_gmt":"2025-05-12T12:16:26","guid":{"rendered":"https:\/\/www.egemtv.com\/?p=28176"},"modified":"2025-05-12T15:16:32","modified_gmt":"2025-05-12T12:16:32","slug":"fotograf-tutkunlari-manisa-lalesi-icin-spil-dagina-akin-etti","status":"publish","type":"post","link":"https:\/\/www.egemtv.com\/?p=28176","title":{"rendered":"Foto\u011fraf tutkunlar\u0131 Manisa Lalesi i\u00e7in Spil Da\u011f\u0131na ak\u0131n etti"},"content":{"rendered":"<p>Manisa Foto\u011fraf Derne\u011fi (MAFOD), do\u011fa ve foto\u011fraf tutkunlar\u0131n\u0131 bir araya getiren \u00f6zel bir etkinlik d\u00fczenleyerek, Spil Da\u011f\u0131 Milli Park\u0131\u2019nda sadece y\u0131lda bir kez ve yakla\u015f\u0131k 10 g\u00fcn boyunca \u00e7i\u00e7ek a\u00e7an endemik Manisa Lalesi\u2019ni (Tulipa orphanidea) foto\u011fraflamak \u00fczere foto\u011fraf gezisi ger\u00e7ekle\u015ftirdi.<br \/>\n<br \/>Her y\u0131l nisan ay\u0131n\u0131n sonu ile may\u0131s ay\u0131n\u0131n ilk haftas\u0131nda \u00e7i\u00e7ek a\u00e7an Manisa Lalesi, k\u0131sa \u00f6mr\u00fc nedeniyle do\u011faseverlerin yo\u011fun ilgisini \u00e7ekiyor. Spil Da\u011f\u0131\u2019n\u0131n zengin floras\u0131 ve faunas\u0131 i\u00e7inde yer alan bu nadide \u00e7i\u00e7ek, foto\u011fraf sanat\u00e7\u0131lar\u0131 i\u00e7in de e\u015fsiz bir konu olu\u015fturuyor. MAFOD organizasyonunda bir araya gelen foto\u011fraf tutkunlar\u0131, \u00f6mr\u00fc 10 g\u00fcn olan Manisa Lalesini foto\u011fraflamak amac\u0131yla Spil Da\u011f\u0131 Milli Park\u0131\u2019nda bulu\u015ftu. Ba\u015fta k\u0131rm\u0131z\u0131, sar\u0131 gibi farkl\u0131 renklere sahip laleler foto\u011fraf\u00e7\u0131lar\u0131n karelerinde adeta yeniden hayat buldu.<br \/>\n<br \/>Etkinlikle ilgili a\u00e7\u0131klama yapan MAFOD Ba\u015fkan\u0131 Nazmi \u00c7aykara, &#8220;D\u00f6rt mevsim farkl\u0131 g\u00fczellikler sunan Spil Da\u011f\u0131\u2019n\u0131n floras\u0131n\u0131 foto\u011fraf sanat\u0131yla tan\u0131tmak ve foto\u011fraf tutkunlar\u0131n\u0131n rotas\u0131 haline gelmesini sa\u011flamak amac\u0131yla \u00fcyelerimizle birlikte Manisa Lalesi\u2019ni foto\u011fraflad\u0131k. G\u00fcn\u00fcm\u00fczde herkesin g\u00fcnl\u00fck hayat\u0131n\u0131n bir par\u00e7as\u0131 haline gelen foto\u011fraf\u0131n, \u015fehirlerin g\u00f6rsel haf\u0131zas\u0131n\u0131 olu\u015fturdu\u011fu ve turizme katk\u0131 sa\u011flad\u0131\u011f\u0131na inan\u0131yoruz&#8221; dedi.  \u00c7aykara ayr\u0131ca Spil Da\u011f\u0131 Milli Park\u0131 M\u00fcd\u00fcrl\u00fc\u011f\u00fc\u2019ne ve desteklerinden dolay\u0131 Manisa B\u00fcy\u00fck\u015fehir Belediyesi\u2019ne te\u015fekk\u00fcr ederek, Manisa\u2019n\u0131n do\u011fal ve k\u00fclt\u00fcrel miras\u0131n\u0131 belgelemeye y\u00f6nelik benzer etkinliklerin s\u00fcrd\u00fcr\u00fclece\u011fini ifade etti.<br \/>\n<br \/>MAFOD \u00fcyeleri, Spil Da\u011f\u0131\u2019n\u0131n e\u015fsiz do\u011fas\u0131nda y\u00fcr\u00fcy\u00fc\u015f yaparak Manisa Lalesi\u2019ni do\u011fal ortam\u0131nda g\u00f6r\u00fcnt\u00fcledi. Bu t\u00fcr etkinliklerin hem do\u011fa bilincinin artmas\u0131na hem de b\u00f6lgenin tan\u0131t\u0131m\u0131na katk\u0131 sundu\u011fu belirtildi.<br \/><\/p>\n","protected":false},"excerpt":{"rendered":"<p>Manisa Foto\u011fraf Derne\u011fi (MAFOD), do\u011fa ve foto\u011fraf tutkunlar\u0131n\u0131 bir araya getiren \u00f6zel bir etkinlik d\u00fczenleyerek, Spil Da\u011f\u0131 Milli Park\u0131\u2019nda sadece y\u0131lda bir kez ve yakla\u015f\u0131k 10 g\u00fcn boyunca \u00e7i\u00e7ek a\u00e7an endemik Manisa Lalesi\u2019ni (Tulipa orphanidea) foto\u011fraflamak \u00fczere foto\u011fraf gezisi ger\u00e7ekle\u015ftirdi. Her y\u0131l nisan ay\u0131n\u0131n sonu ile may\u0131s ay\u0131n\u0131n ilk haftas\u0131nda \u00e7i\u00e7ek a\u00e7an Manisa Lalesi, k\u0131sa&#8230;<\/p>\n","protected":false},"author":1,"featured_media":28177,"comment_status":"open","ping_status":"open","sticky":false,"template":"","format":"standard","meta":{"_crdt_document":"","footnotes":""},"categories":[1],"tags":[],"class_list":["post-28176","post","type-post","status-publish","format-standard","has-post-thumbnail","hentry","category-guncel"],"_links":{"self":[{"href":"https:\/\/www.egemtv.com\/index.php?rest_route=\/wp\/v2\/posts\/28176","targetHints":{"allow":["GET"]}}],"collection":[{"href":"https:\/\/www.egemtv.com\/index.php?rest_route=\/wp\/v2\/posts"}],"about":[{"href":"https:\/\/www.egemtv.com\/index.php?rest_route=\/wp\/v2\/types\/post"}],"author":[{"embeddable":true,"href":"https:\/\/www.egemtv.com\/index.php?rest_route=\/wp\/v2\/users\/1"}],"replies":[{"embeddable":true,"href":"https:\/\/www.egemtv.com\/index.php?rest_route=%2Fwp%2Fv2%2Fcomments&post=28176"}],"version-history":[{"count":1,"href":"https:\/\/www.egemtv.com\/index.php?rest_route=\/wp\/v2\/posts\/28176\/revisions"}],"predecessor-version":[{"id":28178,"href":"https:\/\/www.egemtv.com\/index.php?rest_route=\/wp\/v2\/posts\/28176\/revisions\/28178"}],"wp:featuredmedia":[{"embeddable":true,"href":"https:\/\/www.egemtv.com\/index.php?rest_route=\/wp\/v2\/media\/28177"}],"wp:attachment":[{"href":"https:\/\/www.egemtv.com\/index.php?rest_route=%2Fwp%2Fv2%2Fmedia&parent=28176"}],"wp:term":[{"taxonomy":"category","embeddable":true,"href":"https:\/\/www.egemtv.com\/index.php?rest_route=%2Fwp%2Fv2%2Fcategories&post=28176"},{"taxonomy":"post_tag","embeddable":true,"href":"https:\/\/www.egemtv.com\/index.php?rest_route=%2Fwp%2Fv2%2Ftags&post=28176"}],"curies":[{"name":"wp","href":"https:\/\/api.w.org\/{rel}","templated":true}]}}