{"id":28173,"date":"2025-05-12T14:56:51","date_gmt":"2025-05-12T11:56:51","guid":{"rendered":"https:\/\/www.egemtv.com\/?p=28173"},"modified":"2025-05-12T14:56:57","modified_gmt":"2025-05-12T11:56:57","slug":"sessiz-cigligin-simgesi-mor-cepken-genclerden-tam-not-aldi","status":"publish","type":"post","link":"https:\/\/www.egemtv.com\/?p=28173","title":{"rendered":"Sessiz \u00e7\u0131\u011fl\u0131\u011f\u0131n simgesi \u2018Mor Cepken\u2019 gen\u00e7lerden tam not ald\u0131"},"content":{"rendered":"<p>Ayd\u0131n Y\u00f6r\u00fck Efe K\u00fclt\u00fcr Derne\u011fi taraf\u0131ndan \u00fcniversite \u00f6\u011frencilerine Y\u00f6r\u00fck k\u00fclt\u00fcr\u00fc anlat\u0131ld\u0131. Gelin alma, k\u0131na gecesi ve kad\u0131nlar\u0131 koruyan mor cepken gelene\u011finin anlat\u0131ld\u0131\u011f\u0131 tiyatro oyunu ise izleyenlerden tam not ald\u0131.<\/p>\n<p>Ayd\u0131n\u2019da Y\u00f6r\u00fck k\u00fclt\u00fcr\u00fcn\u00fcn tan\u0131t\u0131lmas\u0131 ve gen\u00e7 nesiller taraf\u0131ndan \u00f6\u011frenilmesi amac\u0131yla \u00e7al\u0131\u015fmalar\u0131na devam eden Ayd\u0131n Y\u00f6r\u00fck Efe K\u00fclt\u00fcr Derne\u011fi, \u00fcniversiteli \u00f6\u011frenciler ile bir araya geldi. \u00dcniversite kamp\u00fcs\u00fcnde kurulan \u00e7ad\u0131rda \u00f6\u011frencilere Y\u00f6r\u00fck k\u00fclt\u00fcr\u00fc tan\u0131t\u0131ld\u0131. Unutulmaya y\u00fcz tutmu\u015f \u00f6rf ve adetlerin anlat\u0131ld\u0131\u011f\u0131 etkinlikte ayr\u0131ca dernek \u00fcyeleri taraf\u0131ndan mini bir tiyatro oyunu sergilendi. Oyunda Y\u00f6r\u00fck k\u00fclt\u00fcr\u00fcnde gelin alma, k\u0131na gecesi ve kad\u0131nlar\u0131 korumay\u0131 ama\u00e7layan &#8220;mor cepken&#8221; gelenekleri canland\u0131r\u0131ld\u0131. Evlendikten sonra koca evinde k\u00f6t\u00fc muamele g\u00f6ren gelinlerin, \u00e7eyiz sand\u0131\u011f\u0131nda bulunan mor cepkeni giyerek k\u00f6y meydan\u0131nda dola\u015fmas\u0131n\u0131 ve \u015fiddet g\u00f6rd\u00fc\u011f\u00fcn\u00fc sessiz bir \u015fekilde anlatmas\u0131n\u0131 sa\u011flayan &#8220;mor cepken&#8221; gelene\u011finin canland\u0131r\u0131ld\u0131\u011f\u0131 oyun izleyenlerden tam not al\u0131rken, uzun s\u00fcre ayakta alk\u0131\u015fland\u0131.<\/p>\n<p>&#8220;Mor cepken kad\u0131nlar\u0131 koruyan bir gelenektir&#8221;<br \/>\n<br \/>\u00d6zellikle g\u00fcn\u00fcm\u00fczde kad\u0131nlar\u0131 korumak ve kollamak i\u00e7in uygulanan \u00e7al\u0131\u015fmalar\u0131n Y\u00f6r\u00fcklerin mor cepken gelene\u011finden geldi\u011fini ve mor cepkeninin kad\u0131n\u0131 koruyan bir \u00f6rf oldu\u011funu ifade eden Ayd\u0131n Y\u00f6r\u00fck Efe K\u00fclt\u00fcr Derne\u011fi Ba\u015fkan\u0131 Mevl\u00fct Kenar, &#8220;\u00dcniversite \u00f6\u011frencilerimizin bahar etkinlikleri kapsam\u0131nda biz de dernek olarak bir katk\u0131 sunmak istedik. Onunla ilgili temsili eski geleneklerimizi yans\u0131tan gelin alma ve onun devam\u0131nda Y\u00f6r\u00fck geleneklerinde, T\u00fcrk adetlerinde \u00e7ok \u00f6nemli olan mor cepken adetini canland\u0131raca\u011f\u0131z. Y\u00f6r\u00fcklerin mor cepken adeti de\u011fi\u015fik \u015feylerde mor \u00e7at\u0131, mor kad\u0131nlar gibi isimlerle kad\u0131nlar\u0131 koruma ama\u00e7l\u0131 yap\u0131lm\u0131\u015ft\u0131r. Ama oyunda sergiledi\u011fimiz gibi esas kad\u0131n korumas\u0131 en g\u00fczel bizim Y\u00f6r\u00fck geleneklerinde anlat\u0131lm\u0131\u015ft\u0131r. Mor cepken, Y\u00f6r\u00fcklerde gelin evlenirken, sand\u0131\u011f\u0131na koyuluyor. Gelin, baba evinden ayr\u0131l\u0131p, e\u015fi ile birle\u015ftikten ayr\u0131 bir obaya yerle\u015ftikten sonra e\u011fer orada k\u00f6t\u00fc muamele g\u00f6r\u00fcrse, k\u00f6t\u00fc davran\u0131l\u0131rsa, ya\u015fayamayacak duruma gelirse o zaman mor cepkenini giyer ve oban\u0131n y\u00fcksek bir yerine oturuyor. Bunun anlam\u0131 ise \u2018ben art\u0131k burada ya\u015fayam\u0131yorum. Beni kurtar\u0131n\u2019 demek. O zaman da akrabalar gelini sahipleniyor, e\u015fini d\u0131\u015fl\u0131yor ve gelini kurtar\u0131yorlar. Mor cepkenin anlam\u0131 ve amac\u0131 bu&#8221; dedi.<\/p>\n<p>Ge\u00e7mi\u015ften gelen iyi olan her \u015feyi gen\u00e7lere aktarmay\u0131 istediklerini s\u00f6zlerine ekleyen Ba\u015fkan Kenar, &#8220;Gen\u00e7lerin k\u00f6t\u00fc \u00f6rnek olmamas\u0131, iyi yeti\u015fmesi, folklorumuzu \u00f6\u011frensin, geleneklerimizi bilsin, ya\u015fant\u0131m\u0131z\u0131 \u00f6\u011frensin, iyi olan \u015feyleri \u00f6\u011frensin. Biz iyi olan ne varsa ge\u00e7mi\u015ften bug\u00fcne gelen, gen\u00e7lerimize bunu \u00f6\u011fretip, iyi bir nesil yeti\u015fmesine katk\u0131 sunmak istiyoruz&#8221; \u015feklinde konu\u015ftu.<\/p>\n<p>Ayr\u0131ca etkinlikler kapsam\u0131nda Y\u00f6r\u00fck \u00e7ad\u0131r\u0131nda \u00f6\u011frencilere Y\u00f6r\u00fcklerin kulland\u0131\u011f\u0131 e\u015fyalar tan\u0131t\u0131ld\u0131. Halk oyunlar\u0131 g\u00f6sterilerinin ard\u0131ndan \u00f6\u011frencilere ke\u015fkek ikram edildi.<br \/><\/p>\n","protected":false},"excerpt":{"rendered":"<p>Ayd\u0131n Y\u00f6r\u00fck Efe K\u00fclt\u00fcr Derne\u011fi taraf\u0131ndan \u00fcniversite \u00f6\u011frencilerine Y\u00f6r\u00fck k\u00fclt\u00fcr\u00fc anlat\u0131ld\u0131. Gelin alma, k\u0131na gecesi ve kad\u0131nlar\u0131 koruyan mor cepken gelene\u011finin anlat\u0131ld\u0131\u011f\u0131 tiyatro oyunu ise izleyenlerden tam not ald\u0131. Ayd\u0131n\u2019da Y\u00f6r\u00fck k\u00fclt\u00fcr\u00fcn\u00fcn tan\u0131t\u0131lmas\u0131 ve gen\u00e7 nesiller taraf\u0131ndan \u00f6\u011frenilmesi amac\u0131yla \u00e7al\u0131\u015fmalar\u0131na devam eden Ayd\u0131n Y\u00f6r\u00fck Efe K\u00fclt\u00fcr Derne\u011fi, \u00fcniversiteli \u00f6\u011frenciler ile bir araya geldi. \u00dcniversite kamp\u00fcs\u00fcnde&#8230;<\/p>\n","protected":false},"author":1,"featured_media":28174,"comment_status":"open","ping_status":"open","sticky":false,"template":"","format":"standard","meta":{"_crdt_document":"","footnotes":""},"categories":[1],"tags":[],"class_list":["post-28173","post","type-post","status-publish","format-standard","has-post-thumbnail","hentry","category-guncel"],"_links":{"self":[{"href":"https:\/\/www.egemtv.com\/index.php?rest_route=\/wp\/v2\/posts\/28173","targetHints":{"allow":["GET"]}}],"collection":[{"href":"https:\/\/www.egemtv.com\/index.php?rest_route=\/wp\/v2\/posts"}],"about":[{"href":"https:\/\/www.egemtv.com\/index.php?rest_route=\/wp\/v2\/types\/post"}],"author":[{"embeddable":true,"href":"https:\/\/www.egemtv.com\/index.php?rest_route=\/wp\/v2\/users\/1"}],"replies":[{"embeddable":true,"href":"https:\/\/www.egemtv.com\/index.php?rest_route=%2Fwp%2Fv2%2Fcomments&post=28173"}],"version-history":[{"count":1,"href":"https:\/\/www.egemtv.com\/index.php?rest_route=\/wp\/v2\/posts\/28173\/revisions"}],"predecessor-version":[{"id":28175,"href":"https:\/\/www.egemtv.com\/index.php?rest_route=\/wp\/v2\/posts\/28173\/revisions\/28175"}],"wp:featuredmedia":[{"embeddable":true,"href":"https:\/\/www.egemtv.com\/index.php?rest_route=\/wp\/v2\/media\/28174"}],"wp:attachment":[{"href":"https:\/\/www.egemtv.com\/index.php?rest_route=%2Fwp%2Fv2%2Fmedia&parent=28173"}],"wp:term":[{"taxonomy":"category","embeddable":true,"href":"https:\/\/www.egemtv.com\/index.php?rest_route=%2Fwp%2Fv2%2Fcategories&post=28173"},{"taxonomy":"post_tag","embeddable":true,"href":"https:\/\/www.egemtv.com\/index.php?rest_route=%2Fwp%2Fv2%2Ftags&post=28173"}],"curies":[{"name":"wp","href":"https:\/\/api.w.org\/{rel}","templated":true}]}}