{"id":28170,"date":"2025-05-12T14:56:45","date_gmt":"2025-05-12T11:56:45","guid":{"rendered":"https:\/\/www.egemtv.com\/?p=28170"},"modified":"2025-05-12T14:56:51","modified_gmt":"2025-05-12T11:56:51","slug":"mentesedeki-otomobil-yangininda-bir-supheli-gozaltina-alindi","status":"publish","type":"post","link":"https:\/\/www.egemtv.com\/?p=28170","title":{"rendered":"Mente\u015fe\u2019deki otomobil yang\u0131n\u0131nda bir \u015f\u00fcpheli g\u00f6zalt\u0131na al\u0131nd\u0131"},"content":{"rendered":"<p>Mu\u011fla\u2019n\u0131n Mente\u015fe il\u00e7esine ba\u011fl\u0131 Yenik\u00f6y Mahallesi\u2019nde 2 May\u0131s gecesi meydana gelen otomobil yang\u0131n\u0131yla ilgili y\u00fcr\u00fct\u00fclen soru\u015fturma kapsam\u0131nda, kundaklama \u015f\u00fcphesiyle 1 ki\u015fi g\u00f6zalt\u0131na al\u0131nd\u0131.<\/p>\n<p>Yang\u0131n, 2 May\u0131s gece saat 02.00 s\u0131ralar\u0131nda meydana geldi. Olay\u0131n ihbar edilmesi \u00fczerine b\u00f6lgeye Mu\u011fla B\u00fcy\u00fck\u015fehir Belediyesi \u0130tfaiye ekipleri ile polis ekipleri sevk edildi. K\u0131sa s\u00fcrede olay yerine ula\u015fan itfaiye ekipleri, alevlere m\u00fcdahale ederek otomobildeki yang\u0131n\u0131 s\u00f6nd\u00fcrd\u00fc. Yang\u0131n\u0131n ard\u0131ndan olay\u0131n \u00e7\u0131k\u0131\u015f nedeni hakk\u0131nda \u015f\u00fcphe duyan polis ekipleri, geni\u015f \u00e7apl\u0131 bir ara\u015ft\u0131rma ba\u015flatt\u0131. Mente\u015fe \u0130l\u00e7e Emniyet M\u00fcd\u00fcrl\u00fc\u011f\u00fc Su\u00e7 \u00d6nleme ve Soru\u015fturma ekipleri taraf\u0131ndan y\u00fcr\u00fct\u00fclen \u00e7al\u0131\u015fmalarda, \u00e7evredeki g\u00fcvenlik kameralar\u0131 tek tek incelendi. Yap\u0131lan detayl\u0131 inceleme sonucunda, yang\u0131n\u0131n kundaklama sonucu \u00e7\u0131km\u0131\u015f olabilece\u011fi ihtimali \u00fczerinde duruldu. Soru\u015fturma kapsam\u0131nda \u015f\u00fcpheli olarak tespit edilen O.B. polis ekipleri taraf\u0131ndan g\u00f6zalt\u0131na al\u0131nd\u0131.<\/p>\n<p>Olayla ilgili adli i\u015flemlerin devam etti\u011fi bildirildi.<br \/><\/p>\n","protected":false},"excerpt":{"rendered":"<p>Mu\u011fla\u2019n\u0131n Mente\u015fe il\u00e7esine ba\u011fl\u0131 Yenik\u00f6y Mahallesi\u2019nde 2 May\u0131s gecesi meydana gelen otomobil yang\u0131n\u0131yla ilgili y\u00fcr\u00fct\u00fclen soru\u015fturma kapsam\u0131nda, kundaklama \u015f\u00fcphesiyle 1 ki\u015fi g\u00f6zalt\u0131na al\u0131nd\u0131. Yang\u0131n, 2 May\u0131s gece saat 02.00 s\u0131ralar\u0131nda meydana geldi. Olay\u0131n ihbar edilmesi \u00fczerine b\u00f6lgeye Mu\u011fla B\u00fcy\u00fck\u015fehir Belediyesi \u0130tfaiye ekipleri ile polis ekipleri sevk edildi. K\u0131sa s\u00fcrede olay yerine ula\u015fan itfaiye ekipleri, alevlere&#8230;<\/p>\n","protected":false},"author":1,"featured_media":28171,"comment_status":"open","ping_status":"open","sticky":false,"template":"","format":"standard","meta":{"_crdt_document":"","footnotes":""},"categories":[5],"tags":[],"class_list":["post-28170","post","type-post","status-publish","format-standard","has-post-thumbnail","hentry","category-asayis"],"_links":{"self":[{"href":"https:\/\/www.egemtv.com\/index.php?rest_route=\/wp\/v2\/posts\/28170","targetHints":{"allow":["GET"]}}],"collection":[{"href":"https:\/\/www.egemtv.com\/index.php?rest_route=\/wp\/v2\/posts"}],"about":[{"href":"https:\/\/www.egemtv.com\/index.php?rest_route=\/wp\/v2\/types\/post"}],"author":[{"embeddable":true,"href":"https:\/\/www.egemtv.com\/index.php?rest_route=\/wp\/v2\/users\/1"}],"replies":[{"embeddable":true,"href":"https:\/\/www.egemtv.com\/index.php?rest_route=%2Fwp%2Fv2%2Fcomments&post=28170"}],"version-history":[{"count":1,"href":"https:\/\/www.egemtv.com\/index.php?rest_route=\/wp\/v2\/posts\/28170\/revisions"}],"predecessor-version":[{"id":28172,"href":"https:\/\/www.egemtv.com\/index.php?rest_route=\/wp\/v2\/posts\/28170\/revisions\/28172"}],"wp:featuredmedia":[{"embeddable":true,"href":"https:\/\/www.egemtv.com\/index.php?rest_route=\/wp\/v2\/media\/28171"}],"wp:attachment":[{"href":"https:\/\/www.egemtv.com\/index.php?rest_route=%2Fwp%2Fv2%2Fmedia&parent=28170"}],"wp:term":[{"taxonomy":"category","embeddable":true,"href":"https:\/\/www.egemtv.com\/index.php?rest_route=%2Fwp%2Fv2%2Fcategories&post=28170"},{"taxonomy":"post_tag","embeddable":true,"href":"https:\/\/www.egemtv.com\/index.php?rest_route=%2Fwp%2Fv2%2Ftags&post=28170"}],"curies":[{"name":"wp","href":"https:\/\/api.w.org\/{rel}","templated":true}]}}