{"id":28167,"date":"2025-05-12T14:56:39","date_gmt":"2025-05-12T11:56:39","guid":{"rendered":"https:\/\/www.egemtv.com\/?p=28167"},"modified":"2025-05-12T14:56:45","modified_gmt":"2025-05-12T11:56:45","slug":"mskude-seminer-dizisi-egitim-ogretim-programlarinda-revizyon-sureci","status":"publish","type":"post","link":"https:\/\/www.egemtv.com\/?p=28167","title":{"rendered":"MSK\u00dc\u2019de seminer dizisi: \u2018E\u011fitim-\u00d6\u011fretim programlar\u0131nda revizyon s\u00fcreci\u2019"},"content":{"rendered":"<p>Mu\u011fla S\u0131tk\u0131 Ko\u00e7man \u00dcniversitesinde (MSK\u00dc), t\u00fcm fak\u00fclte ve y\u00fcksekokullara y\u00f6nelik olarak \u2018E\u011fitim-\u00d6\u011fretim Programlar\u0131nda Revizyon S\u00fcreci\u2019 temal\u0131 seminer dizisi ger\u00e7ekle\u015ftirildi.<br \/>\n<br \/>E\u011fitim Komisyonunun \u00f6nerisiyle Rekt\u00f6rl\u00fck taraf\u0131ndan planlanan bu seminerler; programlar\u0131n daha nitelikli, g\u00fcncel ve yeterlilik temelli hale getirilmesine katk\u0131 sunmak, \u00fcniversite genelinde ortak bir akademik dil olu\u015fturmak ve s\u00fcrd\u00fcr\u00fclebilir bir program geli\u015ftirme anlay\u0131\u015f\u0131n\u0131 yerle\u015ftirmek amac\u0131yla d\u00fczenlendi.<br \/>\n<br \/>MSK\u00dc Rekt\u00f6r Yard\u0131mc\u0131s\u0131 Prof. Dr. Mustafa G\u00f6k\u00e7e ba\u015fkanl\u0131\u011f\u0131nda y\u00fcr\u00fct\u00fclen bu seminerler, y\u00fcksek\u00f6\u011fretimde de\u011fi\u015fen akreditasyon kriterleri ve yeterlilik odakl\u0131 e\u011fitim anlay\u0131\u015f\u0131 do\u011frultusunda \u00fcniversitemiz i\u00e7in stratejik bir \u00f6neme sahip.<br \/>\n<br \/>Seminerler, E\u011fitim Fak\u00fcltesi E\u011fitim Programlar\u0131 ve \u00d6\u011fretim Anabilim Dal\u0131\u2019nda g\u00f6rev yapan \u00f6\u011fretim \u00fcyeleri Prof. Dr. Bilal Duman ve Do\u00e7. Dr. G\u00fcler G\u00f6\u00e7en Kabaran taraf\u0131ndan ger\u00e7ekle\u015ftirildi.<br \/>\n<br \/>Bu s\u00fcre\u00e7te, program revizyonunun temel ilkeleri, \u00f6\u011frenme kazan\u0131m\u0131 yaz\u0131m\u0131, i\u00e7erik olu\u015fturma, \u00f6\u011fretim s\u00fcre\u00e7lerinin yeniden yap\u0131land\u0131r\u0131lmas\u0131 ve \u00f6l\u00e7me-de\u011ferlendirme yakla\u015f\u0131mlar\u0131n\u0131n g\u00fcncellenmesi gibi ba\u015fl\u0131klar ayr\u0131nt\u0131l\u0131 olarak ele al\u0131nd\u0131. Ayr\u0131ca yeni ders \u00f6nerilerinin haz\u0131rlanmas\u0131nda dikkat edilmesi gereken noktalar, T\u00fcrkiye Yeterlilikler \u00c7er\u00e7evesi (TY\u00c7) uyumlulu\u011fu de\u011ferlendirildi.<br \/>\n<br \/>Her birim i\u00e7in \u00f6zel olarak tasarlanan bu seminerlerde; akademik programlar\u0131n\u0131 geli\u015ftirmek isteyen \u00f6\u011fretim elemanlar\u0131yla \u00f6rnek uygulamalar, iyi ve zay\u0131f \u00f6rnekler ve etkile\u015fimli sunumlar ger\u00e7ekle\u015ftirildi. Ayr\u0131ca, kat\u0131l\u0131mc\u0131lar\u0131n kendi alanlar\u0131na \u00f6zg\u00fc de\u011ferlendirmeler yapmalar\u0131 desteklendi.<br \/>\n<br \/>Seminerlerin ard\u0131ndan \u00e7evrim i\u00e7i olarak kat\u0131l\u0131mc\u0131 g\u00f6r\u00fc\u015fleri topland\u0131 ve elde edilen geri bildirimler, ilerleyen s\u00fcre\u00e7te planlanacak e\u011fitim i\u00e7eriklerine y\u00f6n verici nitelikte olacak.<br \/>\n<br \/>Seminer dizisi, y\u00fcz y\u00fcze ve \u00e7evrim i\u00e7i olmak \u00fczere toplam 8 oturumda ger\u00e7ekle\u015ftirildi. \u0130l\u00e7elerdeki fak\u00fclte ve y\u00fcksekokullara y\u00f6nelik d\u00fczenlenen \u00e7evrim i\u00e7i oturumla s\u00fcre\u00e7 tamamland\u0131. \u00dcniversitemizin t\u00fcm akademik birimlerinden yo\u011fun kat\u0131l\u0131m sa\u011fland\u0131.<br \/>\n<br \/>Bu kapsaml\u0131 \u00e7al\u0131\u015fma sonucunda, \u00f6\u011fretim elemanlar\u0131n\u0131n TY\u00c7\u2019ye uygun \u00f6\u011frenme kazan\u0131m\u0131 yaz\u0131m\u0131, i\u00e7erik-kazan\u0131m uyumu, \u00f6\u011fretim s\u00fcre\u00e7lerinin tasarlanmas\u0131 ve \u00f6l\u00e7me-de\u011ferlendirme uygulamalar\u0131 konular\u0131nda bilgi ve fark\u0131ndal\u0131k d\u00fczeylerinin artt\u0131\u011f\u0131 g\u00f6r\u00fcld\u00fc.<br \/>\n<br \/>Ayr\u0131ca, program revizyon s\u00fcrecinde aktif olarak yer alan birimler i\u00e7in seminer i\u00e7eriklerinin yol g\u00f6sterici bir \u00e7er\u00e7eve sundu\u011fu de\u011ferlendirildi.<br \/>\n<br \/>Rekt\u00f6r Ka\u00e7ar\u2019dan te\u015fekk\u00fcr belgesi<br \/>\n<br \/>Seminer sonunda makam\u0131nda Prof. Dr. Bilal Duman ve Do\u00e7. Dr. G\u00fcler G\u00f6\u00e7en Kabaran\u2019\u0131 a\u011f\u0131rlayan MSK\u00dc Rekt\u00f6r\u00fc Prof. Dr. Turhan Ka\u00e7ar, Rekt\u00f6r Yard\u0131mc\u0131s\u0131 Prof. Dr. Mustafa G\u00f6k\u00e7e ile birlikte te\u015fekk\u00fcr belgesi takdim etti.<br \/>\n<br \/>Bu seminer dizisinin \u00f6nemine de\u011finen Rekt\u00f6r Ka\u00e7ar, &#8220;\u00dcniversitemizin kalite g\u00fcvencesi sistemini g\u00fc\u00e7lendiren, \u00f6\u011fretim elemanlar\u0131n\u0131n akademik ve pedagojik yetkinliklerini geli\u015ftirmeye y\u00f6nelik stratejik bir geli\u015fim ad\u0131m\u0131 niteli\u011fi ta\u015f\u0131yor. Bundan sonraki s\u00fcre\u00e7te planlanacak benzer \u00e7al\u0131\u015fmalar i\u00e7in yol g\u00f6sterici bir zemin olu\u015fturmay\u0131 hedefliyoruz&#8221; dedi.<br \/><\/p>\n","protected":false},"excerpt":{"rendered":"<p>Mu\u011fla S\u0131tk\u0131 Ko\u00e7man \u00dcniversitesinde (MSK\u00dc), t\u00fcm fak\u00fclte ve y\u00fcksekokullara y\u00f6nelik olarak \u2018E\u011fitim-\u00d6\u011fretim Programlar\u0131nda Revizyon S\u00fcreci\u2019 temal\u0131 seminer dizisi ger\u00e7ekle\u015ftirildi. E\u011fitim Komisyonunun \u00f6nerisiyle Rekt\u00f6rl\u00fck taraf\u0131ndan planlanan bu seminerler; programlar\u0131n daha nitelikli, g\u00fcncel ve yeterlilik temelli hale getirilmesine katk\u0131 sunmak, \u00fcniversite genelinde ortak bir akademik dil olu\u015fturmak ve s\u00fcrd\u00fcr\u00fclebilir bir program geli\u015ftirme anlay\u0131\u015f\u0131n\u0131 yerle\u015ftirmek amac\u0131yla d\u00fczenlendi. MSK\u00dc&#8230;<\/p>\n","protected":false},"author":1,"featured_media":28168,"comment_status":"open","ping_status":"open","sticky":false,"template":"","format":"standard","meta":{"_crdt_document":"","footnotes":""},"categories":[1],"tags":[],"class_list":["post-28167","post","type-post","status-publish","format-standard","has-post-thumbnail","hentry","category-guncel"],"_links":{"self":[{"href":"https:\/\/www.egemtv.com\/index.php?rest_route=\/wp\/v2\/posts\/28167","targetHints":{"allow":["GET"]}}],"collection":[{"href":"https:\/\/www.egemtv.com\/index.php?rest_route=\/wp\/v2\/posts"}],"about":[{"href":"https:\/\/www.egemtv.com\/index.php?rest_route=\/wp\/v2\/types\/post"}],"author":[{"embeddable":true,"href":"https:\/\/www.egemtv.com\/index.php?rest_route=\/wp\/v2\/users\/1"}],"replies":[{"embeddable":true,"href":"https:\/\/www.egemtv.com\/index.php?rest_route=%2Fwp%2Fv2%2Fcomments&post=28167"}],"version-history":[{"count":1,"href":"https:\/\/www.egemtv.com\/index.php?rest_route=\/wp\/v2\/posts\/28167\/revisions"}],"predecessor-version":[{"id":28169,"href":"https:\/\/www.egemtv.com\/index.php?rest_route=\/wp\/v2\/posts\/28167\/revisions\/28169"}],"wp:featuredmedia":[{"embeddable":true,"href":"https:\/\/www.egemtv.com\/index.php?rest_route=\/wp\/v2\/media\/28168"}],"wp:attachment":[{"href":"https:\/\/www.egemtv.com\/index.php?rest_route=%2Fwp%2Fv2%2Fmedia&parent=28167"}],"wp:term":[{"taxonomy":"category","embeddable":true,"href":"https:\/\/www.egemtv.com\/index.php?rest_route=%2Fwp%2Fv2%2Fcategories&post=28167"},{"taxonomy":"post_tag","embeddable":true,"href":"https:\/\/www.egemtv.com\/index.php?rest_route=%2Fwp%2Fv2%2Ftags&post=28167"}],"curies":[{"name":"wp","href":"https:\/\/api.w.org\/{rel}","templated":true}]}}