{"id":28161,"date":"2025-05-12T14:56:35","date_gmt":"2025-05-12T11:56:35","guid":{"rendered":"https:\/\/www.egemtv.com\/?p=28161"},"modified":"2025-05-12T14:56:37","modified_gmt":"2025-05-12T11:56:37","slug":"gedizde-hafizlik-kuran-kuran-kursuna-destekler-suruyor","status":"publish","type":"post","link":"https:\/\/www.egemtv.com\/?p=28161","title":{"rendered":"Gediz\u2019de haf\u0131zl\u0131k Kur\u2019an Kuran kursuna destekler s\u00fcr\u00fcyor"},"content":{"rendered":"<p>K\u00fctahya\u2019n\u0131n Gediz il\u00e7esinde yap\u0131m\u0131 devam eden Erkek Haf\u0131zl\u0131k Kur\u2019an Kursu, hay\u0131rseverlerin destekleriyle y\u00fckselmeye devam ediyor.<br \/>\n<br \/>Son olarak, Almanya\u2019da ya\u015fayan gurbet\u00e7i vatanda\u015flar\u0131n g\u00f6nderdi\u011fi anlaml\u0131 bir ba\u011f\u0131\u015f, kurs in\u015faat\u0131na \u00f6nemli bir katk\u0131 sa\u011flad\u0131. Uzun y\u0131llard\u0131r Almanya\u2019n\u0131n K\u00f6ln \u015fehrinde ikamet eden Gedizli Hac\u0131 Fadime Han, Almanya\u2019daki arkada\u015flar\u0131n\u0131n kurs in\u015faat\u0131na destek olmak amac\u0131yla kendisine teslim etti\u011fi 35 bin T\u00fcrk Liras\u0131 tutar\u0131ndaki emaneti, Gediz \u0130l\u00e7e M\u00fcft\u00fcs\u00fc Sabahattin Turan\u2019a bizzat teslim etti.<br \/>\n<br \/>\u0130l\u00e7e M\u00fcft\u00fcs\u00fc Sabahattin Turan, yap\u0131lan bu de\u011ferli yard\u0131m dolay\u0131s\u0131yla duydu\u011fu memnuniyeti dile getirerek, &#8220;Gerek yurt i\u00e7inden gerekse yurt d\u0131\u015f\u0131ndan gelen bu destekler, kursumuzun en k\u0131sa s\u00fcrede tamamlanmas\u0131 i\u00e7in bizlere b\u00fcy\u00fck bir motivasyon kayna\u011f\u0131 oluyor. \u00d6zellikle gurbet\u00e7i vatanda\u015flar\u0131m\u0131z\u0131n bu denli duyarl\u0131 davranmas\u0131 ve memleketlerine sahip \u00e7\u0131kmas\u0131 bizleri \u00e7ok duyguland\u0131r\u0131yor. Hac\u0131 Fadime Han\u0131m\u2019\u0131n nezdinde t\u00fcm hay\u0131rseverlerimize te\u015fekk\u00fcr ediyoruz&#8221; ifadelerini kulland\u0131.<br \/><\/p>\n","protected":false},"excerpt":{"rendered":"<p>K\u00fctahya\u2019n\u0131n Gediz il\u00e7esinde yap\u0131m\u0131 devam eden Erkek Haf\u0131zl\u0131k Kur\u2019an Kursu, hay\u0131rseverlerin destekleriyle y\u00fckselmeye devam ediyor. Son olarak, Almanya\u2019da ya\u015fayan gurbet\u00e7i vatanda\u015flar\u0131n g\u00f6nderdi\u011fi anlaml\u0131 bir ba\u011f\u0131\u015f, kurs in\u015faat\u0131na \u00f6nemli bir katk\u0131 sa\u011flad\u0131. Uzun y\u0131llard\u0131r Almanya\u2019n\u0131n K\u00f6ln \u015fehrinde ikamet eden Gedizli Hac\u0131 Fadime Han, Almanya\u2019daki arkada\u015flar\u0131n\u0131n kurs in\u015faat\u0131na destek olmak amac\u0131yla kendisine teslim etti\u011fi 35 bin T\u00fcrk&#8230;<\/p>\n","protected":false},"author":1,"featured_media":28162,"comment_status":"open","ping_status":"open","sticky":false,"template":"","format":"standard","meta":{"_crdt_document":"","footnotes":""},"categories":[123],"tags":[],"class_list":["post-28161","post","type-post","status-publish","format-standard","has-post-thumbnail","hentry","category-gundem"],"_links":{"self":[{"href":"https:\/\/www.egemtv.com\/index.php?rest_route=\/wp\/v2\/posts\/28161","targetHints":{"allow":["GET"]}}],"collection":[{"href":"https:\/\/www.egemtv.com\/index.php?rest_route=\/wp\/v2\/posts"}],"about":[{"href":"https:\/\/www.egemtv.com\/index.php?rest_route=\/wp\/v2\/types\/post"}],"author":[{"embeddable":true,"href":"https:\/\/www.egemtv.com\/index.php?rest_route=\/wp\/v2\/users\/1"}],"replies":[{"embeddable":true,"href":"https:\/\/www.egemtv.com\/index.php?rest_route=%2Fwp%2Fv2%2Fcomments&post=28161"}],"version-history":[{"count":1,"href":"https:\/\/www.egemtv.com\/index.php?rest_route=\/wp\/v2\/posts\/28161\/revisions"}],"predecessor-version":[{"id":28163,"href":"https:\/\/www.egemtv.com\/index.php?rest_route=\/wp\/v2\/posts\/28161\/revisions\/28163"}],"wp:featuredmedia":[{"embeddable":true,"href":"https:\/\/www.egemtv.com\/index.php?rest_route=\/wp\/v2\/media\/28162"}],"wp:attachment":[{"href":"https:\/\/www.egemtv.com\/index.php?rest_route=%2Fwp%2Fv2%2Fmedia&parent=28161"}],"wp:term":[{"taxonomy":"category","embeddable":true,"href":"https:\/\/www.egemtv.com\/index.php?rest_route=%2Fwp%2Fv2%2Fcategories&post=28161"},{"taxonomy":"post_tag","embeddable":true,"href":"https:\/\/www.egemtv.com\/index.php?rest_route=%2Fwp%2Fv2%2Ftags&post=28161"}],"curies":[{"name":"wp","href":"https:\/\/api.w.org\/{rel}","templated":true}]}}