{"id":28158,"date":"2025-05-12T14:36:29","date_gmt":"2025-05-12T11:36:29","guid":{"rendered":"https:\/\/www.egemtv.com\/?p=28158"},"modified":"2025-05-12T14:36:30","modified_gmt":"2025-05-12T11:36:30","slug":"vali-yigitbasi-bakan-yerlikaya-ile-video-konferans-ile-gorustu","status":"publish","type":"post","link":"https:\/\/www.egemtv.com\/?p=28158","title":{"rendered":"Vali Yi\u011fitba\u015f\u0131, Bakan Yerlikaya ile video konferans ile g\u00f6r\u00fc\u015ft\u00fc"},"content":{"rendered":"<p>Afyonkarahisar Valisi Do\u00e7. Dr. K\u00fcbra G\u00fcran Yi\u011fitba\u015f\u0131, \u0130\u00e7i\u015fleri Bakan\u0131 Ali Yerlikaya\u2019n\u0131n ba\u015fkanl\u0131\u011f\u0131nda ger\u00e7ekle\u015ftirilen ve 81 ilin kat\u0131l\u0131m\u0131yla e\u015f zamanl\u0131 olarak d\u00fczenlenen Video Konferans Sistemi (VKS) toplant\u0131s\u0131na kat\u0131ld\u0131.<br \/>\n<br \/>Toplant\u0131da \u00fclke genelinde y\u00fcr\u00fct\u00fclen g\u00fcvenlik, asayi\u015f ve kamu d\u00fczenine ili\u015fkin konular ele al\u0131n\u0131rken, illerdeki mevcut durum de\u011ferlendirmeleri ve al\u0131nmas\u0131 gereken \u00f6nlemler de masaya yat\u0131r\u0131ld\u0131. \u0130\u00e7i\u015fleri Bakan\u0131 Yerlikaya, toplant\u0131da yapt\u0131\u011f\u0131 konu\u015fmada, kamu g\u00fcvenli\u011finin sa\u011flanmas\u0131 ve vatanda\u015flar\u0131n huzurunun temini konusunda t\u00fcm illerde kararl\u0131l\u0131kla \u00e7al\u0131\u015fmalar\u0131n s\u00fcrd\u00fcr\u00fclece\u011fini vurgulad\u0131.<br \/>\n<br \/>Vali Yi\u011fitba\u015f\u0131 da Afyonkarahisar\u2019daki g\u00fcvenlik ve asayi\u015f \u00e7al\u0131\u015fmalar\u0131yla ilgili bilgiler payla\u015farak, kentin ihtiya\u00e7 ve \u00f6ncelikleri konusunda de\u011ferlendirmelerde bulundu.<br \/>\n<br \/>Video konferans yoluyla d\u00fczenlenen toplant\u0131 sonunda \u0130\u00e7i\u015fleri Bakan\u0131 Yerlikaya, t\u00fcm illerde g\u00f6rev yapan g\u00fcvenlik birimlerine \u00e7al\u0131\u015fmalar\u0131nda ba\u015far\u0131lar dileyerek, kamu hizmetlerinin etkinli\u011fini art\u0131rmak ad\u0131na koordinasyonun \u00f6nemine dikkat \u00e7ekti.<br \/><\/p>\n","protected":false},"excerpt":{"rendered":"<p>Afyonkarahisar Valisi Do\u00e7. Dr. K\u00fcbra G\u00fcran Yi\u011fitba\u015f\u0131, \u0130\u00e7i\u015fleri Bakan\u0131 Ali Yerlikaya\u2019n\u0131n ba\u015fkanl\u0131\u011f\u0131nda ger\u00e7ekle\u015ftirilen ve 81 ilin kat\u0131l\u0131m\u0131yla e\u015f zamanl\u0131 olarak d\u00fczenlenen Video Konferans Sistemi (VKS) toplant\u0131s\u0131na kat\u0131ld\u0131. Toplant\u0131da \u00fclke genelinde y\u00fcr\u00fct\u00fclen g\u00fcvenlik, asayi\u015f ve kamu d\u00fczenine ili\u015fkin konular ele al\u0131n\u0131rken, illerdeki mevcut durum de\u011ferlendirmeleri ve al\u0131nmas\u0131 gereken \u00f6nlemler de masaya yat\u0131r\u0131ld\u0131. \u0130\u00e7i\u015fleri Bakan\u0131 Yerlikaya, toplant\u0131da&#8230;<\/p>\n","protected":false},"author":1,"featured_media":28159,"comment_status":"open","ping_status":"open","sticky":false,"template":"","format":"standard","meta":{"_crdt_document":"","footnotes":""},"categories":[1],"tags":[],"class_list":["post-28158","post","type-post","status-publish","format-standard","has-post-thumbnail","hentry","category-guncel"],"_links":{"self":[{"href":"https:\/\/www.egemtv.com\/index.php?rest_route=\/wp\/v2\/posts\/28158","targetHints":{"allow":["GET"]}}],"collection":[{"href":"https:\/\/www.egemtv.com\/index.php?rest_route=\/wp\/v2\/posts"}],"about":[{"href":"https:\/\/www.egemtv.com\/index.php?rest_route=\/wp\/v2\/types\/post"}],"author":[{"embeddable":true,"href":"https:\/\/www.egemtv.com\/index.php?rest_route=\/wp\/v2\/users\/1"}],"replies":[{"embeddable":true,"href":"https:\/\/www.egemtv.com\/index.php?rest_route=%2Fwp%2Fv2%2Fcomments&post=28158"}],"version-history":[{"count":1,"href":"https:\/\/www.egemtv.com\/index.php?rest_route=\/wp\/v2\/posts\/28158\/revisions"}],"predecessor-version":[{"id":28160,"href":"https:\/\/www.egemtv.com\/index.php?rest_route=\/wp\/v2\/posts\/28158\/revisions\/28160"}],"wp:featuredmedia":[{"embeddable":true,"href":"https:\/\/www.egemtv.com\/index.php?rest_route=\/wp\/v2\/media\/28159"}],"wp:attachment":[{"href":"https:\/\/www.egemtv.com\/index.php?rest_route=%2Fwp%2Fv2%2Fmedia&parent=28158"}],"wp:term":[{"taxonomy":"category","embeddable":true,"href":"https:\/\/www.egemtv.com\/index.php?rest_route=%2Fwp%2Fv2%2Fcategories&post=28158"},{"taxonomy":"post_tag","embeddable":true,"href":"https:\/\/www.egemtv.com\/index.php?rest_route=%2Fwp%2Fv2%2Ftags&post=28158"}],"curies":[{"name":"wp","href":"https:\/\/api.w.org\/{rel}","templated":true}]}}