{"id":28155,"date":"2025-05-12T14:36:24","date_gmt":"2025-05-12T11:36:24","guid":{"rendered":"https:\/\/www.egemtv.com\/?p=28155"},"modified":"2025-05-12T14:36:29","modified_gmt":"2025-05-12T11:36:29","slug":"dogalgaz-patlamasinin-yeni-goruntuleri-yasanan-panik-ve-siddetin-boyutunu-ortaya-koydu","status":"publish","type":"post","link":"https:\/\/www.egemtv.com\/?p=28155","title":{"rendered":"Do\u011falgaz patlamas\u0131n\u0131n yeni g\u00f6r\u00fcnt\u00fcleri, ya\u015fanan panik ve \u015fiddetin boyutunu ortaya koydu"},"content":{"rendered":"<p>\u0130zmir\u2019in Bornova il\u00e7esinde bir apartman dairesinde gaz s\u0131z\u0131nt\u0131s\u0131ndan oldu\u011fu de\u011ferlendirilen ve 4 ki\u015finin yaraland\u0131\u011f\u0131 patlamaya ait yeni g\u00f6r\u00fcnt\u00fc ortaya \u00e7\u0131kt\u0131. Patlama esnas\u0131nda yan apartmanda oturan bir vatanda\u015f da korku dolu anlar\u0131 anlatt\u0131.<\/p>\n<p>Olay, 11 May\u0131s 00.15 s\u0131ralar\u0131nda Kaz\u0131mdirik Mahallesi 162 sokakta bulunan 7 katl\u0131 apartman\u0131n 3\u2019\u00fcnc\u00fc kat\u0131ndaki dairede meydana geldi. Gaz s\u0131z\u0131nt\u0131s\u0131ndan oldu\u011fu de\u011ferlendirilen patlaman\u0131n ard\u0131ndan dumanlar ve alevler daireyi sard\u0131. \u00c7evre sakinlerinin ihbar\u0131 \u00fczerine itfaiye, sa\u011fl\u0131k ve polis ekipleri b\u00f6lgeye sevk edildi. Bu s\u0131rada dairede yang\u0131n \u00e7\u0131karken, bina tahliye edildi. Olay yerine gelen itfaiye ekipleri alevlere m\u00fcdahale ederek s\u00f6nd\u00fcr\u00fcrken, binada mahsur kalan vatanda\u015flar kurtar\u0131ld\u0131. Ya\u015fanan patlama ve ard\u0131ndan \u00e7\u0131kan yang\u0131nda, 4 ki\u015fi yaraland\u0131. Yaral\u0131lardan 1\u2019inin patlaman\u0131n ya\u015fand\u0131\u011f\u0131 dairede, 1\u2019inin ayn\u0131 binada ya\u015fad\u0131\u011f\u0131, di\u011fer 2\u2019sinin ise o s\u0131rada sokaktan ge\u00e7en vatanda\u015f oldu\u011fu belirtildi. Yaral\u0131lar, sa\u011fl\u0131k ekiplerinin olay yerindeki ilk m\u00fcdahalesinin ard\u0131ndan ambulansla Ege \u00dcniversitesi T\u0131p Fak\u00fcltesi Hastanesi\u2019ne kald\u0131r\u0131ld\u0131. Patlaman\u0131n meydana geldi\u011fi daire tamamen kullan\u0131lamaz hale geldi.<\/p>\n<p>Patlama an\u0131na dair yeni g\u00f6r\u00fcnt\u00fc<br \/>\n<br \/>\u00d6te yandan patlaman\u0131n meydana geldi\u011fi apartman\u0131n alt kat\u0131nda bulunan kafenin g\u00fcvenlik kameras\u0131 g\u00f6r\u00fcnt\u00fcs\u00fcnde o anlar yer ald\u0131. G\u00f6r\u00fcnt\u00fcde, patlamayla birlikte i\u015f yerinin duvarlar\u0131nda ve cam dolaplar\u0131nda hasar meydana geldi\u011fi g\u00f6r\u00fcnd\u00fc. \u0130\u015f yerinde bulunan bir ki\u015finin de b\u00fcy\u00fck panik ya\u015fayarak d\u0131\u015far\u0131 \u00e7\u0131kt\u0131\u011f\u0131 anlar g\u00f6r\u00fcnt\u00fcde yer ald\u0131.<\/p>\n<p>Patlaman\u0131n ard\u0131ndan sabah \u00e7evrede temizlik \u00e7al\u0131\u015fmas\u0131 yap\u0131ld\u0131. Hastaneye kald\u0131r\u0131lan yaral\u0131lardan 3\u2019\u00fc taburcu edilirken, 1 ki\u015finin ise yan\u0131k \u00fcnitesindeki tedavisinin s\u00fcrd\u00fc\u011f\u00fc bildirildi. Patlaman\u0131n ya\u015fad\u0131\u011f\u0131 dairede bulunan Ertan M. ile sokaktan ge\u00e7en Evin K., Ramazan K. ve Ahmet A.\u2019n\u0131n yaraland\u0131\u011f\u0131 belirlendi. Yaral\u0131lar ambulansla Ege \u00dcniversitesi T\u0131p Fak\u00fcltesi Hastanesi ile \u0130zmir \u015eehir Hastanesi\u2019ne kald\u0131r\u0131ld\u0131. Yaral\u0131lardan 3\u2019\u00fc tedavilerinin ard\u0131ndan taburcu edilirken, durumu a\u011f\u0131r olan Ertan M.\u2019nin \u0130zmir \u015eehir Hastanesi Yan\u0131k \u00dcnitesi\u2019nde tedavisinin s\u00fcrd\u00fc\u011f\u00fc bildirildi.<\/p>\n<p>&#8220;Muazzam bir patlama oldu&#8221;<br \/>\n<br \/>Patlama esnas\u0131nda yan binada oturan \u00d6mer Altun\u00f6z adl\u0131 vatanda\u015f ya\u015fad\u0131\u011f\u0131 korku dolu anlar\u0131 anlatt\u0131. Altun\u00f6z, &#8220;Muazzam bir patlama oldu. Bizim pencere a\u00e7\u0131kt\u0131, o bizi kurtard\u0131. Yoksa cam k\u0131r\u0131l\u0131rd\u0131 ve par\u00e7alar \u00fczerimize gelip zarar verebilirdi. Patlaman\u0131n hemen ard\u0131ndan balkona \u00e7\u0131kt\u0131k, bakt\u0131k ki alev p\u00fcsk\u00fcr\u00fcyor \u00fc\u00e7\u00fcnc\u00fc kattan. Sonra hemen d\u0131\u015far\u0131 \u00e7\u0131kt\u0131k ve o anda, itfaiye geldi ve m\u00fcdahaleye ba\u015flad\u0131. Yang\u0131n\u0131 da s\u00f6nd\u00fcrd\u00fcler. Bizim burada bir \u00e7ok dairede zarar var; camlar k\u0131r\u0131lm\u0131\u015f. Ama \u015fu var ki, \u00f6l\u00fcm olay\u0131 olmad\u0131. 4 ki\u015fi yaral\u0131. 2\u2019si apartmandan, 2\u2019si de yoldan ge\u00e7enler&#8221; diye konu\u015ftu.<br \/><\/p>\n","protected":false},"excerpt":{"rendered":"<p>\u0130zmir\u2019in Bornova il\u00e7esinde bir apartman dairesinde gaz s\u0131z\u0131nt\u0131s\u0131ndan oldu\u011fu de\u011ferlendirilen ve 4 ki\u015finin yaraland\u0131\u011f\u0131 patlamaya ait yeni g\u00f6r\u00fcnt\u00fc ortaya \u00e7\u0131kt\u0131. Patlama esnas\u0131nda yan apartmanda oturan bir vatanda\u015f da korku dolu anlar\u0131 anlatt\u0131. Olay, 11 May\u0131s 00.15 s\u0131ralar\u0131nda Kaz\u0131mdirik Mahallesi 162 sokakta bulunan 7 katl\u0131 apartman\u0131n 3\u2019\u00fcnc\u00fc kat\u0131ndaki dairede meydana geldi. Gaz s\u0131z\u0131nt\u0131s\u0131ndan oldu\u011fu de\u011ferlendirilen patlaman\u0131n&#8230;<\/p>\n","protected":false},"author":1,"featured_media":28156,"comment_status":"open","ping_status":"open","sticky":false,"template":"","format":"standard","meta":{"_crdt_document":"","footnotes":""},"categories":[5],"tags":[],"class_list":["post-28155","post","type-post","status-publish","format-standard","has-post-thumbnail","hentry","category-asayis"],"_links":{"self":[{"href":"https:\/\/www.egemtv.com\/index.php?rest_route=\/wp\/v2\/posts\/28155","targetHints":{"allow":["GET"]}}],"collection":[{"href":"https:\/\/www.egemtv.com\/index.php?rest_route=\/wp\/v2\/posts"}],"about":[{"href":"https:\/\/www.egemtv.com\/index.php?rest_route=\/wp\/v2\/types\/post"}],"author":[{"embeddable":true,"href":"https:\/\/www.egemtv.com\/index.php?rest_route=\/wp\/v2\/users\/1"}],"replies":[{"embeddable":true,"href":"https:\/\/www.egemtv.com\/index.php?rest_route=%2Fwp%2Fv2%2Fcomments&post=28155"}],"version-history":[{"count":1,"href":"https:\/\/www.egemtv.com\/index.php?rest_route=\/wp\/v2\/posts\/28155\/revisions"}],"predecessor-version":[{"id":28157,"href":"https:\/\/www.egemtv.com\/index.php?rest_route=\/wp\/v2\/posts\/28155\/revisions\/28157"}],"wp:featuredmedia":[{"embeddable":true,"href":"https:\/\/www.egemtv.com\/index.php?rest_route=\/wp\/v2\/media\/28156"}],"wp:attachment":[{"href":"https:\/\/www.egemtv.com\/index.php?rest_route=%2Fwp%2Fv2%2Fmedia&parent=28155"}],"wp:term":[{"taxonomy":"category","embeddable":true,"href":"https:\/\/www.egemtv.com\/index.php?rest_route=%2Fwp%2Fv2%2Fcategories&post=28155"},{"taxonomy":"post_tag","embeddable":true,"href":"https:\/\/www.egemtv.com\/index.php?rest_route=%2Fwp%2Fv2%2Ftags&post=28155"}],"curies":[{"name":"wp","href":"https:\/\/api.w.org\/{rel}","templated":true}]}}