{"id":28152,"date":"2025-05-12T14:17:27","date_gmt":"2025-05-12T11:17:27","guid":{"rendered":"https:\/\/www.egemtv.com\/?p=28152"},"modified":"2025-05-12T14:17:33","modified_gmt":"2025-05-12T11:17:33","slug":"ozel-aydin-yuksek-teknoloji-kolejinden-adina-yakisir-teknoloji-ve-bilim-soleni","status":"publish","type":"post","link":"https:\/\/www.egemtv.com\/?p=28152","title":{"rendered":"\u00d6zel Ayd\u0131n Y\u00fcksek Teknoloji Koleji\u2019nden ad\u0131na yak\u0131\u015f\u0131r teknoloji ve bilim \u015f\u00f6leni"},"content":{"rendered":"<p>\u00d6zel Ayd\u0131n Y\u00fcksek Teknoloji Koleji\u2019nde ger\u00e7ekle\u015ftirilen 4. Geleneksel Teknoloji ve Bilim \u015eenli\u011fi\u2019nde \u00f6\u011frenciler projelerini sergiledi. Olduk\u00e7a ilgi g\u00f6ren projeler, protokol \u00fcyeleri ve ziyaret\u00e7ilerden tam not al\u0131rken \u00f6\u011frencilerin sunumlar\u0131 yo\u011fun ilgi g\u00f6rd\u00fc.<br \/>\n<br \/>\u0130ki g\u00fcn s\u00fcren bilim \u015fenli\u011finde, \u00d6zel Ayd\u0131n Y\u00fcksek Teknoloji Koleji \u00f6\u011frencilerinin yan\u0131 s\u0131ra Mustafa Kiri\u015f Ortaokulu ve Hac\u0131 L\u00fctfiye Atay Ortaokulu \u00f6\u011frencileri de projelerini sergileme f\u0131rsat\u0131 buldu. Gen\u00e7 mucitlerin ortaya koydu\u011fu yenilik\u00e7i fikirler ve teknolojik bulu\u015flar kat\u0131l\u0131mc\u0131lar taraf\u0131ndan b\u00fcy\u00fck ilgi g\u00f6rd\u00fc. Bilim \u015fenli\u011finde sergilenen projelere Ayd\u0131n il genelindeki de\u011fi\u015fik okullardan binlerce \u00f6\u011frenci ziyaret etti.<br \/>\n<br \/>\u015eenli\u011fe, Efeler Belediye Ba\u015fkan\u0131 An\u0131l Yeti\u015fkin, Efeler \u0130l\u00e7e Milli E\u011fitim M\u00fcd\u00fcr\u00fc Hakan \u00d6zcan, KOSGEB Ayd\u0131n \u0130l M\u00fcd\u00fcr\u00fc Sadullah D\u00fclger, ve Ayd\u0131n Adnan Menderes \u00dcniversitesi Teknokent M\u00fcd\u00fcr\u00fc Do\u00e7. Dr. Mustafa Akkaya\u2019n\u0131n yan\u0131 s\u0131ra \u00e7ok say\u0131da davetli kat\u0131ld\u0131.<br \/>\n<br \/>Ayd\u0131n\u2019daki bir\u00e7ok ortaokuldan \u00f6\u011frenci ve \u00f6\u011fretmenlerin yo\u011fun ilgi g\u00f6sterdi\u011fi \u015fenlikte, \u00d6zel Ayd\u0131n Y\u00fcksek Teknoloji Koleji velileri ve di\u011fer misafirler de \u00f6\u011frencilerin bilimsel \u00e7al\u0131\u015fmalar\u0131n\u0131 yak\u0131ndan inceleme f\u0131rsat\u0131 buldu.<br \/>\n<br \/>\u015eenlikte, robotik teknolojilerden yenilenebilir enerji \u00e7\u00f6z\u00fcmlerine, yapay zeka uygulamalar\u0131ndan s\u00fcrd\u00fcr\u00fclebilir \u00e7evre projelerine kadar geni\u015f bir yelpazede yer alan \u00f6\u011frenci projeleri, gelece\u011fin teknoloji d\u00fcnyas\u0131na adeta \u0131\u015f\u0131k tuttu. \u00d6\u011frencilerin parlak fikirlerinin ve problem \u00e7\u00f6zme becerilerinin sergileyen projeler, ziyaret\u00e7ilerden tam not ald\u0131.<br \/>\n<br \/>\u015eenli\u011fin Ayd\u0131n\u2019da bilim ve teknoloji alan\u0131nda fark\u0131ndal\u0131k olu\u015fturmak ve \u00f6\u011frencilerin bu alanlara olan ilgisini art\u0131rmak amac\u0131yla d\u00fczenlendi\u011fi belirtildi. Etkinlik, e\u011fitimciler, veliler ve \u00f6\u011frenciler aras\u0131nda bilgi ve deneyim payla\u015f\u0131m\u0131na da olanak sa\u011flad\u0131.<br \/>\n<br \/>\u00d6zel Ayd\u0131n Y\u00fcksek Teknoloji Koleji y\u00f6netimi, geleneksel hale gelen bu \u015fenli\u011fin her y\u0131l daha da b\u00fcy\u00fcyerek devam edece\u011fini ve Ayd\u0131n\u2019\u0131n bilim ve teknoloji alan\u0131nda \u00f6nc\u00fc \u015fehirlerden biri olma hedefine katk\u0131 sa\u011flayaca\u011f\u0131n\u0131 vurgulad\u0131.<br \/><\/p>\n","protected":false},"excerpt":{"rendered":"<p>\u00d6zel Ayd\u0131n Y\u00fcksek Teknoloji Koleji\u2019nde ger\u00e7ekle\u015ftirilen 4. Geleneksel Teknoloji ve Bilim \u015eenli\u011fi\u2019nde \u00f6\u011frenciler projelerini sergiledi. Olduk\u00e7a ilgi g\u00f6ren projeler, protokol \u00fcyeleri ve ziyaret\u00e7ilerden tam not al\u0131rken \u00f6\u011frencilerin sunumlar\u0131 yo\u011fun ilgi g\u00f6rd\u00fc. \u0130ki g\u00fcn s\u00fcren bilim \u015fenli\u011finde, \u00d6zel Ayd\u0131n Y\u00fcksek Teknoloji Koleji \u00f6\u011frencilerinin yan\u0131 s\u0131ra Mustafa Kiri\u015f Ortaokulu ve Hac\u0131 L\u00fctfiye Atay Ortaokulu \u00f6\u011frencileri de projelerini&#8230;<\/p>\n","protected":false},"author":1,"featured_media":28153,"comment_status":"open","ping_status":"open","sticky":false,"template":"","format":"standard","meta":{"_crdt_document":"","footnotes":""},"categories":[124],"tags":[],"class_list":["post-28152","post","type-post","status-publish","format-standard","has-post-thumbnail","hentry","category-bilim"],"_links":{"self":[{"href":"https:\/\/www.egemtv.com\/index.php?rest_route=\/wp\/v2\/posts\/28152","targetHints":{"allow":["GET"]}}],"collection":[{"href":"https:\/\/www.egemtv.com\/index.php?rest_route=\/wp\/v2\/posts"}],"about":[{"href":"https:\/\/www.egemtv.com\/index.php?rest_route=\/wp\/v2\/types\/post"}],"author":[{"embeddable":true,"href":"https:\/\/www.egemtv.com\/index.php?rest_route=\/wp\/v2\/users\/1"}],"replies":[{"embeddable":true,"href":"https:\/\/www.egemtv.com\/index.php?rest_route=%2Fwp%2Fv2%2Fcomments&post=28152"}],"version-history":[{"count":1,"href":"https:\/\/www.egemtv.com\/index.php?rest_route=\/wp\/v2\/posts\/28152\/revisions"}],"predecessor-version":[{"id":28154,"href":"https:\/\/www.egemtv.com\/index.php?rest_route=\/wp\/v2\/posts\/28152\/revisions\/28154"}],"wp:featuredmedia":[{"embeddable":true,"href":"https:\/\/www.egemtv.com\/index.php?rest_route=\/wp\/v2\/media\/28153"}],"wp:attachment":[{"href":"https:\/\/www.egemtv.com\/index.php?rest_route=%2Fwp%2Fv2%2Fmedia&parent=28152"}],"wp:term":[{"taxonomy":"category","embeddable":true,"href":"https:\/\/www.egemtv.com\/index.php?rest_route=%2Fwp%2Fv2%2Fcategories&post=28152"},{"taxonomy":"post_tag","embeddable":true,"href":"https:\/\/www.egemtv.com\/index.php?rest_route=%2Fwp%2Fv2%2Ftags&post=28152"}],"curies":[{"name":"wp","href":"https:\/\/api.w.org\/{rel}","templated":true}]}}