{"id":28146,"date":"2025-05-12T14:17:17","date_gmt":"2025-05-12T11:17:17","guid":{"rendered":"https:\/\/www.egemtv.com\/?p=28146"},"modified":"2025-05-12T14:17:25","modified_gmt":"2025-05-12T11:17:25","slug":"kaymakam-kaya-ozel-ogrencileri-agirladi","status":"publish","type":"post","link":"https:\/\/www.egemtv.com\/?p=28146","title":{"rendered":"Kaymakam Kaya, \u00f6zel \u00f6\u011frencileri a\u011f\u0131rlad\u0131"},"content":{"rendered":"<p>Mu\u011fla\u2019n\u0131n Marmaris il\u00e7esinde, Engelliler Haftas\u0131 etkinlikleri dahilinde \u00f6zel e\u011fitim alan \u00f6\u011frenciler, Marmaris Kaymakam\u0131 Nurullah Kaya\u2019y\u0131 makam\u0131nda ziyaret etti.<\/p>\n<p>Kaymakaml\u0131k binas\u0131nda ger\u00e7ekle\u015fen anlaml\u0131 bulu\u015fmada, Kaymakam Kaya \u00f6\u011frencilerle yak\u0131ndan ilgilendi, onlarla sohbet ederek taleplerini dinledi. Ziyaret s\u0131ras\u0131nda yapt\u0131\u011f\u0131 a\u00e7\u0131klamada her bireyin toplumda e\u015fit haklara sahip oldu\u011funa vurgu yapan Kaya, &#8220;Engelleri sevgi, anlay\u0131\u015f ve dayan\u0131\u015fma ile a\u015fabiliriz. Bizler her zaman \u00e7ocuklar\u0131m\u0131z\u0131n ve ailelerinin yan\u0131nday\u0131z&#8221; ifadelerini kulland\u0131.<\/p>\n<p>\u00d6\u011frencilerin mutlulu\u011funun ve ba\u015far\u0131s\u0131n\u0131n en b\u00fcy\u00fck \u00f6ncelik oldu\u011funu belirten Kaymakam Kaya, \u00f6zel bireylerin topluma kazand\u0131r\u0131lmas\u0131n\u0131n ancak toplumsal fark\u0131ndal\u0131kla m\u00fcmk\u00fcn olabilece\u011fini vurgulad\u0131.<br \/><\/p>\n","protected":false},"excerpt":{"rendered":"<p>Mu\u011fla\u2019n\u0131n Marmaris il\u00e7esinde, Engelliler Haftas\u0131 etkinlikleri dahilinde \u00f6zel e\u011fitim alan \u00f6\u011frenciler, Marmaris Kaymakam\u0131 Nurullah Kaya\u2019y\u0131 makam\u0131nda ziyaret etti. Kaymakaml\u0131k binas\u0131nda ger\u00e7ekle\u015fen anlaml\u0131 bulu\u015fmada, Kaymakam Kaya \u00f6\u011frencilerle yak\u0131ndan ilgilendi, onlarla sohbet ederek taleplerini dinledi. Ziyaret s\u0131ras\u0131nda yapt\u0131\u011f\u0131 a\u00e7\u0131klamada her bireyin toplumda e\u015fit haklara sahip oldu\u011funa vurgu yapan Kaya, &#8220;Engelleri sevgi, anlay\u0131\u015f ve dayan\u0131\u015fma ile a\u015fabiliriz. Bizler&#8230;<\/p>\n","protected":false},"author":1,"featured_media":28147,"comment_status":"open","ping_status":"open","sticky":false,"template":"","format":"standard","meta":{"_crdt_document":"","footnotes":""},"categories":[1],"tags":[],"class_list":["post-28146","post","type-post","status-publish","format-standard","has-post-thumbnail","hentry","category-guncel"],"_links":{"self":[{"href":"https:\/\/www.egemtv.com\/index.php?rest_route=\/wp\/v2\/posts\/28146","targetHints":{"allow":["GET"]}}],"collection":[{"href":"https:\/\/www.egemtv.com\/index.php?rest_route=\/wp\/v2\/posts"}],"about":[{"href":"https:\/\/www.egemtv.com\/index.php?rest_route=\/wp\/v2\/types\/post"}],"author":[{"embeddable":true,"href":"https:\/\/www.egemtv.com\/index.php?rest_route=\/wp\/v2\/users\/1"}],"replies":[{"embeddable":true,"href":"https:\/\/www.egemtv.com\/index.php?rest_route=%2Fwp%2Fv2%2Fcomments&post=28146"}],"version-history":[{"count":1,"href":"https:\/\/www.egemtv.com\/index.php?rest_route=\/wp\/v2\/posts\/28146\/revisions"}],"predecessor-version":[{"id":28148,"href":"https:\/\/www.egemtv.com\/index.php?rest_route=\/wp\/v2\/posts\/28146\/revisions\/28148"}],"wp:featuredmedia":[{"embeddable":true,"href":"https:\/\/www.egemtv.com\/index.php?rest_route=\/wp\/v2\/media\/28147"}],"wp:attachment":[{"href":"https:\/\/www.egemtv.com\/index.php?rest_route=%2Fwp%2Fv2%2Fmedia&parent=28146"}],"wp:term":[{"taxonomy":"category","embeddable":true,"href":"https:\/\/www.egemtv.com\/index.php?rest_route=%2Fwp%2Fv2%2Fcategories&post=28146"},{"taxonomy":"post_tag","embeddable":true,"href":"https:\/\/www.egemtv.com\/index.php?rest_route=%2Fwp%2Fv2%2Ftags&post=28146"}],"curies":[{"name":"wp","href":"https:\/\/api.w.org\/{rel}","templated":true}]}}