{"id":28143,"date":"2025-05-12T14:17:12","date_gmt":"2025-05-12T11:17:12","guid":{"rendered":"https:\/\/www.egemtv.com\/?p=28143"},"modified":"2025-05-12T14:17:17","modified_gmt":"2025-05-12T11:17:17","slug":"afyonkarahisarda-hava-durumu-2","status":"publish","type":"post","link":"https:\/\/www.egemtv.com\/?p=28143","title":{"rendered":"Afyonkarahisar\u2019da hava durumu"},"content":{"rendered":"<p>Yap\u0131lan meteorolojik de\u011ferlendirmelere g\u00f6re, Afyonkarahisar\u2019da yeni haftada par\u00e7al\u0131 bulutlu bir havan\u0131n hakim olmas\u0131 bekleniyor.<br \/>\n<br \/>Meteorolojik verilere g\u00f6re, kentte bu haftan\u0131n par\u00e7al\u0131 bulutlu ge\u00e7ece\u011fi ve 16 May\u0131s Cuma g\u00fcn\u00fc ise ya\u011f\u0131\u015f beklendi\u011fi belirtildi. Tahminlere g\u00f6re kentte hava s\u0131cakl\u0131klar\u0131n\u0131n ise 7 ile 26 derece aras\u0131nda olmas\u0131n\u0131n bekleniyor. S\u0131cakl\u0131klar\u0131n ak\u015famlar\u0131 7 derece civarlar\u0131na d\u00fc\u015fmesi tahmin edilirken, de\u011ferlerin g\u00fcnd\u00fczleri ise 20 derecelerin \u00fcst\u00fcne \u00e7\u0131kmas\u0131 bekleniyor.<br \/><\/p>\n","protected":false},"excerpt":{"rendered":"<p>Yap\u0131lan meteorolojik de\u011ferlendirmelere g\u00f6re, Afyonkarahisar\u2019da yeni haftada par\u00e7al\u0131 bulutlu bir havan\u0131n hakim olmas\u0131 bekleniyor. Meteorolojik verilere g\u00f6re, kentte bu haftan\u0131n par\u00e7al\u0131 bulutlu ge\u00e7ece\u011fi ve 16 May\u0131s Cuma g\u00fcn\u00fc ise ya\u011f\u0131\u015f beklendi\u011fi belirtildi. Tahminlere g\u00f6re kentte hava s\u0131cakl\u0131klar\u0131n\u0131n ise 7 ile 26 derece aras\u0131nda olmas\u0131n\u0131n bekleniyor. S\u0131cakl\u0131klar\u0131n ak\u015famlar\u0131 7 derece civarlar\u0131na d\u00fc\u015fmesi tahmin edilirken, de\u011ferlerin g\u00fcnd\u00fczleri&#8230;<\/p>\n","protected":false},"author":1,"featured_media":28144,"comment_status":"open","ping_status":"open","sticky":false,"template":"","format":"standard","meta":{"_crdt_document":"","footnotes":""},"categories":[1],"tags":[],"class_list":["post-28143","post","type-post","status-publish","format-standard","has-post-thumbnail","hentry","category-guncel"],"_links":{"self":[{"href":"https:\/\/www.egemtv.com\/index.php?rest_route=\/wp\/v2\/posts\/28143","targetHints":{"allow":["GET"]}}],"collection":[{"href":"https:\/\/www.egemtv.com\/index.php?rest_route=\/wp\/v2\/posts"}],"about":[{"href":"https:\/\/www.egemtv.com\/index.php?rest_route=\/wp\/v2\/types\/post"}],"author":[{"embeddable":true,"href":"https:\/\/www.egemtv.com\/index.php?rest_route=\/wp\/v2\/users\/1"}],"replies":[{"embeddable":true,"href":"https:\/\/www.egemtv.com\/index.php?rest_route=%2Fwp%2Fv2%2Fcomments&post=28143"}],"version-history":[{"count":1,"href":"https:\/\/www.egemtv.com\/index.php?rest_route=\/wp\/v2\/posts\/28143\/revisions"}],"predecessor-version":[{"id":28145,"href":"https:\/\/www.egemtv.com\/index.php?rest_route=\/wp\/v2\/posts\/28143\/revisions\/28145"}],"wp:featuredmedia":[{"embeddable":true,"href":"https:\/\/www.egemtv.com\/index.php?rest_route=\/wp\/v2\/media\/28144"}],"wp:attachment":[{"href":"https:\/\/www.egemtv.com\/index.php?rest_route=%2Fwp%2Fv2%2Fmedia&parent=28143"}],"wp:term":[{"taxonomy":"category","embeddable":true,"href":"https:\/\/www.egemtv.com\/index.php?rest_route=%2Fwp%2Fv2%2Fcategories&post=28143"},{"taxonomy":"post_tag","embeddable":true,"href":"https:\/\/www.egemtv.com\/index.php?rest_route=%2Fwp%2Fv2%2Ftags&post=28143"}],"curies":[{"name":"wp","href":"https:\/\/api.w.org\/{rel}","templated":true}]}}