{"id":28140,"date":"2025-05-12T14:17:06","date_gmt":"2025-05-12T11:17:06","guid":{"rendered":"https:\/\/www.egemtv.com\/?p=28140"},"modified":"2025-05-12T14:17:11","modified_gmt":"2025-05-12T11:17:11","slug":"incirliovada-engelli-gencler-icin-asker-kinasi","status":"publish","type":"post","link":"https:\/\/www.egemtv.com\/?p=28140","title":{"rendered":"\u0130ncirliova\u2019da engelli gen\u00e7ler i\u00e7in asker k\u0131nas\u0131"},"content":{"rendered":"<p>\u0130ncirliova Belediyesi ve Engelsiz Ya\u015fam Derne\u011fi i\u015f birli\u011fiyle d\u00fczenlenen \u00d6zel Askerler K\u0131na Gecesi\u2019nde engelli gen\u00e7ler askerlik heyecan\u0131 ya\u015farken, aileler duygu dolu anlar ya\u015fad\u0131. Ba\u015fkan Aytekin Kaya, sevgi ve dayan\u0131\u015fma vurgusu yaparak, engelli bireylerin her zaman yanlar\u0131nda olduklar\u0131n\u0131 belirtti.<\/p>\n<p>\u0130ncirliova Belediye Ba\u015fkan\u0131 Aytekin Kaya\u2019n\u0131n destekleriyle, \u0130ncirliova Engelsiz Ya\u015fam Derne\u011fi i\u015f birli\u011finde d\u00fczenlenen \u00f6zel askerler k\u0131na gecesi ve asker e\u011flencesi, engelli gen\u00e7ler ve aileleri i\u00e7in unutulmaz anlara sahne oldu. &#8220;Sevgi varsa, engel yok&#8221; diyerek konu\u015fmas\u0131na ba\u015flayan Ba\u015fkan Aytekin Kaya, \u00f6zel gecede engelli bireylerin ve onlar\u0131n fedakar ailelerinin mutlulu\u011funa ortak olduklar\u0131n\u0131 belirtti. Etkinlikte, engelli evlatlar\u0131 olan annelerin de Anneler G\u00fcn\u00fc kutland\u0131.<\/p>\n<p>Ba\u015fkan Kaya, &#8221; Hayat\u0131 payla\u015fmak, engelleri sevgiyle a\u015fmak bizim en b\u00fcy\u00fck sorumlulu\u011fumuz. Bu anlaml\u0131 etkinlik, bunun en g\u00fczel \u00f6rneklerinden biri oldu. G\u00f6reve geldi\u011fimiz g\u00fcnden bu yana engelli vatanda\u015flar\u0131m\u0131za sadece bir g\u00fcn de\u011fil, 365 g\u00fcn boyunca bir telefon kadar yak\u0131n olduk. Onlar\u0131n hayat\u0131n\u0131 kolayla\u015ft\u0131rmak, bizim en b\u00fcy\u00fck sorumlulu\u011fumuzdur. Bu anlaml\u0131 gece, sevginin ve dayan\u0131\u015fman\u0131n ne kadar g\u00fc\u00e7l\u00fc bir ba\u011f oldu\u011funu bir kez daha g\u00f6sterdi&#8221; ifadelerini kulland\u0131.<\/p>\n<p>Ba\u015fkan Kaya gecenin haz\u0131rlanmas\u0131nda eme\u011fi ge\u00e7enlere te\u015fekk\u00fcr ederken, &#8220;Ba\u015fta \u0130ncirliova Engelsiz Ya\u015fam Derne\u011fi Ba\u015fkan\u0131m\u0131z Ay\u015fe Okulsev ve y\u00f6netimi olmak \u00fczere, bu \u00f6zel gecenin haz\u0131rlanmas\u0131nda eme\u011fi ge\u00e7en t\u00fcm g\u00f6n\u00fcll\u00fclere, belediye personelimize ayr\u0131 ayr\u0131 te\u015fekk\u00fcr ediyor, t\u00fcm engelli vatanda\u015flar\u0131m\u0131za ve k\u0131ymetli ailelerine sa\u011fl\u0131k, mutluluk ve huzur dolu bir \u00f6m\u00fcr diliyorum&#8221; ifadelerini kulland\u0131.<\/p>\n<p>Etkinlikte duygu dolu anlar ya\u015fan\u0131rken, engelli gen\u00e7ler asker k\u0131yafetleriyle sahneye \u00e7\u0131karak k\u0131na yak\u0131ld\u0131 ve asker e\u011flencesi d\u00fczenlendi.<br \/><\/p>\n","protected":false},"excerpt":{"rendered":"<p>\u0130ncirliova Belediyesi ve Engelsiz Ya\u015fam Derne\u011fi i\u015f birli\u011fiyle d\u00fczenlenen \u00d6zel Askerler K\u0131na Gecesi\u2019nde engelli gen\u00e7ler askerlik heyecan\u0131 ya\u015farken, aileler duygu dolu anlar ya\u015fad\u0131. Ba\u015fkan Aytekin Kaya, sevgi ve dayan\u0131\u015fma vurgusu yaparak, engelli bireylerin her zaman yanlar\u0131nda olduklar\u0131n\u0131 belirtti. \u0130ncirliova Belediye Ba\u015fkan\u0131 Aytekin Kaya\u2019n\u0131n destekleriyle, \u0130ncirliova Engelsiz Ya\u015fam Derne\u011fi i\u015f birli\u011finde d\u00fczenlenen \u00f6zel askerler k\u0131na gecesi&#8230;<\/p>\n","protected":false},"author":1,"featured_media":28141,"comment_status":"open","ping_status":"open","sticky":false,"template":"","format":"standard","meta":{"_crdt_document":"","footnotes":""},"categories":[1],"tags":[],"class_list":["post-28140","post","type-post","status-publish","format-standard","has-post-thumbnail","hentry","category-guncel"],"_links":{"self":[{"href":"https:\/\/www.egemtv.com\/index.php?rest_route=\/wp\/v2\/posts\/28140","targetHints":{"allow":["GET"]}}],"collection":[{"href":"https:\/\/www.egemtv.com\/index.php?rest_route=\/wp\/v2\/posts"}],"about":[{"href":"https:\/\/www.egemtv.com\/index.php?rest_route=\/wp\/v2\/types\/post"}],"author":[{"embeddable":true,"href":"https:\/\/www.egemtv.com\/index.php?rest_route=\/wp\/v2\/users\/1"}],"replies":[{"embeddable":true,"href":"https:\/\/www.egemtv.com\/index.php?rest_route=%2Fwp%2Fv2%2Fcomments&post=28140"}],"version-history":[{"count":1,"href":"https:\/\/www.egemtv.com\/index.php?rest_route=\/wp\/v2\/posts\/28140\/revisions"}],"predecessor-version":[{"id":28142,"href":"https:\/\/www.egemtv.com\/index.php?rest_route=\/wp\/v2\/posts\/28140\/revisions\/28142"}],"wp:featuredmedia":[{"embeddable":true,"href":"https:\/\/www.egemtv.com\/index.php?rest_route=\/wp\/v2\/media\/28141"}],"wp:attachment":[{"href":"https:\/\/www.egemtv.com\/index.php?rest_route=%2Fwp%2Fv2%2Fmedia&parent=28140"}],"wp:term":[{"taxonomy":"category","embeddable":true,"href":"https:\/\/www.egemtv.com\/index.php?rest_route=%2Fwp%2Fv2%2Fcategories&post=28140"},{"taxonomy":"post_tag","embeddable":true,"href":"https:\/\/www.egemtv.com\/index.php?rest_route=%2Fwp%2Fv2%2Ftags&post=28140"}],"curies":[{"name":"wp","href":"https:\/\/api.w.org\/{rel}","templated":true}]}}