{"id":28137,"date":"2025-05-12T14:17:00","date_gmt":"2025-05-12T11:17:00","guid":{"rendered":"https:\/\/www.egemtv.com\/?p=28137"},"modified":"2025-05-12T14:17:06","modified_gmt":"2025-05-12T11:17:06","slug":"baskan-erdogan-ureten-kadinlari-yalniz-birakmadi","status":"publish","type":"post","link":"https:\/\/www.egemtv.com\/?p=28137","title":{"rendered":"Ba\u015fkan Erdo\u011fan \u00fcreten kad\u0131nlar\u0131 yaln\u0131z b\u0131rakmad\u0131"},"content":{"rendered":"<p>Denizli Ticaret Odas\u0131 (DTO), Denizli\u2019deki 8 kad\u0131n kooperatifine, \u00fcr\u00fcnlerini tan\u0131tma f\u0131rsat\u0131 verdi. DTO hizmet binas\u0131 \u00f6n\u00fcnde stant a\u00e7an kooperatifleri ziyaret eden DTO Ba\u015fkan\u0131 U\u011fur Erdo\u011fan, &#8220;Kad\u0131nlar\u0131m\u0131z \u00fcretiyorlar; biz de Denizli Ticaret Odas\u0131 olarak onlara alan a\u00e7\u0131yor, seslerini daha fazla duyurmalar\u0131na katk\u0131 sa\u011fl\u0131yoruz&#8221; dedi.<\/p>\n<p>DTO, Denizli ve il\u00e7elerindeki 8 kad\u0131n kooperatifinin stant a\u00e7t\u0131\u011f\u0131 \u00f6nemli bir organizasyona ev sahipli\u011fi yapt\u0131. Buldan 1 Nolu Dokumac\u0131lar K\u00fc\u00e7\u00fck Sanat Kooperatifi, Sidelya Kad\u0131n Giri\u015fimi \u00dcretim ve \u0130\u015fletme Kooperatifi, \u00c7al Kad\u0131n Giri\u015fimi Kad\u0131n Giri\u015fimi \u00dcretim ve \u0130\u015fletme Kooperatifi, Pamuk Eller Kad\u0131n Giri\u015fimi \u00dcretim ve \u0130\u015fletme Kooperatifi, G\u00fcney Kad\u0131n Giri\u015fimi \u00dcretim ve \u0130\u015fletme Kooperatifi, Hambat Kad\u0131n Eli Kad\u0131n Giri\u015fimi \u00dcretim ve \u0130\u015fletme Kooperatifi, Kale Kad\u0131n Giri\u015fimi \u00dcretim ve \u0130\u015fletme Kooperatifi ve Serinhisar Kad\u0131n Giri\u015fimi \u00dcretim ve \u0130\u015fletme Kooperatifi, \u00fcrettikleri \u00fcr\u00fcnleri iki g\u00fcn boyunca DTO\u2019nun \u00f6n\u00fcnde sergiledi. DTO Y\u00f6netim Kurulu Ba\u015fkan\u0131 U\u011fur Erdo\u011fan, kad\u0131n kooperatiflerinin stantlar\u0131n\u0131, Denizli Vali Yard\u0131mc\u0131s\u0131 ve Sarayk\u00f6y Kaymakam\u0131 Celalettin Cant\u00fcrk, Denizli Ticaret \u0130l M\u00fcd\u00fcr\u00fc Cihat \u00d6zdemir, Gazeteci Metehan Demir ve DTO Y\u00fcksek \u0130sti\u015fare Kurulu (Y\u0130K) \u00dcyesi S\u00fcleyman Kocasert ile ziyaret etti.<\/p>\n<p>&#8220;El eme\u011fi ve g\u00f6z nurunun mimarlar\u0131n\u0131, halk\u0131m\u0131z ile bulu\u015fturduk&#8221;<br \/>\n<br \/>Ba\u015fkan Erdo\u011fan, kad\u0131n giri\u015fimcili\u011finin desteklenmesinin toplumsal kalk\u0131nman\u0131n en \u00f6nemli unsurlar\u0131ndan biri oldu\u011funu s\u00f6yledi. Erdo\u011fan, &#8220;\u00dcretimin olmazsa olmazlar\u0131, ekonomimizin itici g\u00fcc\u00fc, el eme\u011fi ve g\u00f6z nurunun mimarlar\u0131 kad\u0131nlar\u0131m\u0131z i\u00e7in ne yapsak az kal\u0131r. \u00dcretimden kazanca d\u00f6n\u00fc\u015fen \u00e7abalar\u0131n\u0131, Denizli Ticaret Odam\u0131z\u0131n \u00f6n\u00fcnde bulu\u015fturduk; halk\u0131m\u0131z\u0131n be\u011fenisine sunduk. Kad\u0131nlar\u0131m\u0131z \u00fcretiyorlar, bizler de Denizli Ticaret Odas\u0131 olarak onlara alan a\u00e7\u0131yor, seslerini daha fazla duyurmalar\u0131na imk\u00e2n tan\u0131yoruz. Kooperatiflerimizin her biri bulunduklar\u0131 il\u00e7elerde hem ekonomik hem de sosyal kalk\u0131nmaya katk\u0131da bulunuyor. Biz de bu t\u00fcr etkinliklerimizle \u00fcr\u00fcnlerini daha geni\u015f kitlelere tan\u0131tmalar\u0131na vesile oluyoruz. Kad\u0131n eme\u011finin de\u011ferini biliyoruz ve bu de\u011ferin hak etti\u011fi yeri bulmas\u0131 i\u00e7in elimizden geleni yap\u0131yoruz&#8221; dedi.<br \/>\n<br \/>Gazeteci Metehan Demir de \u00e7ok say\u0131da \u015fehir gezdi\u011fini ve farkl\u0131 etkinliklere kat\u0131ld\u0131\u011f\u0131n\u0131, bunlar aras\u0131nda DTO\u2019nun sergisinin ayr\u0131 bir \u00f6nem ve \u00f6nem ta\u015f\u0131d\u0131\u011f\u0131n\u0131 ifade etti. Ba\u015fkan Erdo\u011fan\u2019a ve kad\u0131n kooperatiflerinin yetkililerine, \u00f6rnek te\u015fkil etmesini istedi\u011fi giri\u015fimcilikleri i\u00e7in te\u015fekk\u00fcr etti.<\/p>\n<p>Kad\u0131nlar, Ba\u015fkan Erdo\u011fan\u2019a te\u015fekk\u00fcr ettiler<br \/>\n<br \/>Kooperatiflerin temsilcileri ile \u00fcyeleri de Ba\u015fkan Erdo\u011fan\u2019a ve Denizli \u0130l Ticaret M\u00fcd\u00fcrl\u00fc\u011f\u00fc\u2019ne, kendilerine tan\u0131nan imk\u00e2ndan dolay\u0131 te\u015fekk\u00fcr ettiler. Bu t\u00fcrdeki etkinliklerin art\u0131r\u0131larak s\u00fcrd\u00fcr\u00fclmesini dilediler.<br \/>\n<br \/>DTO\u2019nun &#8220;Birlikte M\u00fcmk\u00fcn&#8221; slogan\u0131yla, Denizli Valili\u011fi Ticaret \u0130l M\u00fcd\u00fcrl\u00fc\u011f\u00fc i\u015f birli\u011fi ile, 2025 Uluslararas\u0131 Kooperatifler Y\u0131l\u0131 kapsam\u0131nda ger\u00e7ekle\u015ftirdi\u011fi Kooperatif Sat\u0131\u015f ve Sergi G\u00fcnleri etkinlikleri, 29-30 May\u0131s 2025\u2019te Atat\u00fcrk Park\u0131\u2019nda, 26-27 Haziran 2025\u2019te DTO\u2019da, 24-25 Temmuz 2025\u2019te Atat\u00fcrk Park\u0131\u2019nda, 28-29 A\u011fustos 2025\u2019te DTO\u2019da, 25-26 Eyl\u00fcl 2025\u2019te Atat\u00fcrk Park\u0131\u2019nda, 30-31 Ekim 2025\u2019te de DTO\u2019daki yeni etkinliklerle devam edecek.<br \/><\/p>\n","protected":false},"excerpt":{"rendered":"<p>Denizli Ticaret Odas\u0131 (DTO), Denizli\u2019deki 8 kad\u0131n kooperatifine, \u00fcr\u00fcnlerini tan\u0131tma f\u0131rsat\u0131 verdi. DTO hizmet binas\u0131 \u00f6n\u00fcnde stant a\u00e7an kooperatifleri ziyaret eden DTO Ba\u015fkan\u0131 U\u011fur Erdo\u011fan, &#8220;Kad\u0131nlar\u0131m\u0131z \u00fcretiyorlar; biz de Denizli Ticaret Odas\u0131 olarak onlara alan a\u00e7\u0131yor, seslerini daha fazla duyurmalar\u0131na katk\u0131 sa\u011fl\u0131yoruz&#8221; dedi. DTO, Denizli ve il\u00e7elerindeki 8 kad\u0131n kooperatifinin stant a\u00e7t\u0131\u011f\u0131 \u00f6nemli bir organizasyona&#8230;<\/p>\n","protected":false},"author":1,"featured_media":28138,"comment_status":"open","ping_status":"open","sticky":false,"template":"","format":"standard","meta":{"_crdt_document":"","footnotes":""},"categories":[1],"tags":[],"class_list":["post-28137","post","type-post","status-publish","format-standard","has-post-thumbnail","hentry","category-guncel"],"_links":{"self":[{"href":"https:\/\/www.egemtv.com\/index.php?rest_route=\/wp\/v2\/posts\/28137","targetHints":{"allow":["GET"]}}],"collection":[{"href":"https:\/\/www.egemtv.com\/index.php?rest_route=\/wp\/v2\/posts"}],"about":[{"href":"https:\/\/www.egemtv.com\/index.php?rest_route=\/wp\/v2\/types\/post"}],"author":[{"embeddable":true,"href":"https:\/\/www.egemtv.com\/index.php?rest_route=\/wp\/v2\/users\/1"}],"replies":[{"embeddable":true,"href":"https:\/\/www.egemtv.com\/index.php?rest_route=%2Fwp%2Fv2%2Fcomments&post=28137"}],"version-history":[{"count":1,"href":"https:\/\/www.egemtv.com\/index.php?rest_route=\/wp\/v2\/posts\/28137\/revisions"}],"predecessor-version":[{"id":28139,"href":"https:\/\/www.egemtv.com\/index.php?rest_route=\/wp\/v2\/posts\/28137\/revisions\/28139"}],"wp:featuredmedia":[{"embeddable":true,"href":"https:\/\/www.egemtv.com\/index.php?rest_route=\/wp\/v2\/media\/28138"}],"wp:attachment":[{"href":"https:\/\/www.egemtv.com\/index.php?rest_route=%2Fwp%2Fv2%2Fmedia&parent=28137"}],"wp:term":[{"taxonomy":"category","embeddable":true,"href":"https:\/\/www.egemtv.com\/index.php?rest_route=%2Fwp%2Fv2%2Fcategories&post=28137"},{"taxonomy":"post_tag","embeddable":true,"href":"https:\/\/www.egemtv.com\/index.php?rest_route=%2Fwp%2Fv2%2Ftags&post=28137"}],"curies":[{"name":"wp","href":"https:\/\/api.w.org\/{rel}","templated":true}]}}