{"id":28134,"date":"2025-05-12T13:56:24","date_gmt":"2025-05-12T10:56:24","guid":{"rendered":"https:\/\/www.egemtv.com\/?p=28134"},"modified":"2025-05-12T13:56:30","modified_gmt":"2025-05-12T10:56:30","slug":"afyonkarahisar-belediyesinden-ekmege-yuzde-40-zam","status":"publish","type":"post","link":"https:\/\/www.egemtv.com\/?p=28134","title":{"rendered":"Afyonkarahisar Belediyesi\u2019nden ekme\u011fe y\u00fczde 40 zam"},"content":{"rendered":"<p>Afyonkarahisar Belediyesi 5 TL\u2019den satt\u0131\u011f\u0131 halk ekme\u011fe zam yaparak 7 TL\u2019den satmaya ba\u015flad\u0131.<br \/>\n<br \/>Belediyeye ba\u011fl\u0131 Y\u00dcNTA\u015e A.\u015e., b\u00fcnyesinde faaliyet g\u00f6steren f\u0131r\u0131nda \u00fcretimi yap\u0131lan halk ekme\u011fe zam yap\u0131ld\u0131. 5 TL\u2019den sat\u0131\u015f\u0131 yap\u0131lan 210 graml\u0131k ekme\u011fe y\u00fczde 40 zam yap\u0131larak 7 TL\u2019den sat\u0131lmaya ba\u015fland\u0131. Zamma gerek\u00e7e olarak ise artan enerji maliyetleri g\u00f6sterilerek, zamm\u0131n zorunlu oldu\u011fu belirtildi.<br \/><\/p>\n","protected":false},"excerpt":{"rendered":"<p>Afyonkarahisar Belediyesi 5 TL\u2019den satt\u0131\u011f\u0131 halk ekme\u011fe zam yaparak 7 TL\u2019den satmaya ba\u015flad\u0131. Belediyeye ba\u011fl\u0131 Y\u00dcNTA\u015e A.\u015e., b\u00fcnyesinde faaliyet g\u00f6steren f\u0131r\u0131nda \u00fcretimi yap\u0131lan halk ekme\u011fe zam yap\u0131ld\u0131. 5 TL\u2019den sat\u0131\u015f\u0131 yap\u0131lan 210 graml\u0131k ekme\u011fe y\u00fczde 40 zam yap\u0131larak 7 TL\u2019den sat\u0131lmaya ba\u015fland\u0131. Zamma gerek\u00e7e olarak ise artan enerji maliyetleri g\u00f6sterilerek, zamm\u0131n zorunlu oldu\u011fu belirtildi.<\/p>\n","protected":false},"author":1,"featured_media":28135,"comment_status":"open","ping_status":"open","sticky":false,"template":"","format":"standard","meta":{"_crdt_document":"","footnotes":""},"categories":[1],"tags":[],"class_list":["post-28134","post","type-post","status-publish","format-standard","has-post-thumbnail","hentry","category-guncel"],"_links":{"self":[{"href":"https:\/\/www.egemtv.com\/index.php?rest_route=\/wp\/v2\/posts\/28134","targetHints":{"allow":["GET"]}}],"collection":[{"href":"https:\/\/www.egemtv.com\/index.php?rest_route=\/wp\/v2\/posts"}],"about":[{"href":"https:\/\/www.egemtv.com\/index.php?rest_route=\/wp\/v2\/types\/post"}],"author":[{"embeddable":true,"href":"https:\/\/www.egemtv.com\/index.php?rest_route=\/wp\/v2\/users\/1"}],"replies":[{"embeddable":true,"href":"https:\/\/www.egemtv.com\/index.php?rest_route=%2Fwp%2Fv2%2Fcomments&post=28134"}],"version-history":[{"count":1,"href":"https:\/\/www.egemtv.com\/index.php?rest_route=\/wp\/v2\/posts\/28134\/revisions"}],"predecessor-version":[{"id":28136,"href":"https:\/\/www.egemtv.com\/index.php?rest_route=\/wp\/v2\/posts\/28134\/revisions\/28136"}],"wp:featuredmedia":[{"embeddable":true,"href":"https:\/\/www.egemtv.com\/index.php?rest_route=\/wp\/v2\/media\/28135"}],"wp:attachment":[{"href":"https:\/\/www.egemtv.com\/index.php?rest_route=%2Fwp%2Fv2%2Fmedia&parent=28134"}],"wp:term":[{"taxonomy":"category","embeddable":true,"href":"https:\/\/www.egemtv.com\/index.php?rest_route=%2Fwp%2Fv2%2Fcategories&post=28134"},{"taxonomy":"post_tag","embeddable":true,"href":"https:\/\/www.egemtv.com\/index.php?rest_route=%2Fwp%2Fv2%2Ftags&post=28134"}],"curies":[{"name":"wp","href":"https:\/\/api.w.org\/{rel}","templated":true}]}}