{"id":28131,"date":"2025-05-12T13:56:18","date_gmt":"2025-05-12T10:56:18","guid":{"rendered":"https:\/\/www.egemtv.com\/?p=28131"},"modified":"2025-05-12T13:56:24","modified_gmt":"2025-05-12T10:56:24","slug":"8-girisimci-kadinlara-destek-gunleri-sona-erdi","status":"publish","type":"post","link":"https:\/\/www.egemtv.com\/?p=28131","title":{"rendered":"8. Giri\u015fimci Kad\u0131nlara Destek G\u00fcnleri sona erdi"},"content":{"rendered":"<p>Merkezefendi Belediyesi taraf\u0131ndan 8. kez d\u00fczenlenen Giri\u015fimci Kad\u0131nlara Destek G\u00fcnleri, Denizlililerin yo\u011fun ilgisiyle sona erdi. Merkezefendi Belediye Ba\u015fkan\u0131 \u015eeniz Do\u011fan, &#8220;Stantlar\u0131yla Giri\u015fimci Kad\u0131nlara Destek G\u00fcnleri\u2019ne renk katan kad\u0131n giri\u015fimcilerimize, etkinliklerimize kat\u0131lan hem\u015ferilerimize y\u00fcrekten te\u015fekk\u00fcr ediyorum&#8221; dedi.<br \/>\n<br \/>K\u00fclt\u00fcr ve sanat alan\u0131ndaki faaliyetlerine devam eden Merkezefendi Belediyesi, giri\u015fimci kad\u0131nlara destek olmak amac\u0131yla ba\u015flatt\u0131\u011f\u0131 ve sonras\u0131nda geleneksel hale gelen Giri\u015fimci Kad\u0131nlara Destek G\u00fcnleri, sekizinci kez ger\u00e7ekle\u015fti. Denizlililerin sahiplendi\u011fi ve yo\u011fun kat\u0131l\u0131m g\u00f6sterdi\u011fi \u00fc\u00e7 g\u00fcnl\u00fck Giri\u015fimci Kad\u0131nlara Destek G\u00fcnleri\u2019nin ilk g\u00fcn\u00fcnde koro \u015fefli\u011fini Kadriye Kaymak\u2019\u0131n yapt\u0131\u011f\u0131 Anadolu Sanat ve M\u00fczik Derne\u011fi \u2018T\u00fcrk Halk M\u00fczi\u011fi Toplulu\u011fu Konseri\u2019 ger\u00e7ekle\u015ftirildi. Etkinli\u011fin ikinci g\u00fcn\u00fcnde ise Kad\u0131n Platformu Dk Ritim Toplulu\u011fu\u2019nun darbuka ile performans sergiledi. Daha sonra Diyetisyen Hatice Nur Ege \u2018K\u00f6yden \u015eehre Do\u011fal Re\u00e7eteler\u2019 s\u00f6yle\u015fisi ve Beyhan Budak\u2019\u0131n \u2018Birlikte \u0130yi Hissetmek\u2019 s\u00f6yle\u015fisi ger\u00e7ekle\u015ftirildi. G\u00fcn\u00fcn son etkinli\u011finde ise G\u00fcven\u00e7 Y\u0131ld\u0131r\u0131m, d\u00fczenlenen konser ile Denizlililere e\u011flenceli ve keyifli bir ak\u015fam ya\u015fatt\u0131. Festivalin sonuncu g\u00fcn\u00fcnde Y\u00fcz Yogas\u0131 E\u011fitmeni ve Aile Dan\u0131\u015fman\u0131 Nalan Ert\u00fcrk, kat\u0131l\u0131mc\u0131lara e\u011fitici bilgiler vererek uygulamal\u0131 olarak g\u00f6sterdi. Birbirinden keyifli programlar\u0131n d\u00fczenlendi\u011fi Giri\u015fimci Kad\u0131nlara Destek G\u00fcnleri\u2019nde anneler g\u00fcn\u00fcne \u00f6zel \u2018Annemle Karaoke\u2019 etkinli\u011fi de d\u00fczenlendi. Merkezefendi K\u00fclt\u00fcr Merkezi\u2019nde d\u00fczenlenen Giri\u015fimci Kad\u0131nlara Destek G\u00fcnleri\u2019nde kad\u0131n giri\u015fimcilerin sat\u0131\u015fa sundu\u011fu stantlar \u00fc\u00e7 g\u00fcn boyunca saat 22.00\u2019ye kadar a\u00e7\u0131k kald\u0131.<br \/>\n<br \/>&#8220;Stantlar\u0131yla festivale renk katan kad\u0131nlar\u0131m\u0131za te\u015fekk\u00fcr ediyorum&#8221;<br \/>\n<br \/>Denizlililerin g\u00f6sterdi\u011fi ilgiden ve kat\u0131l\u0131mdan dolay\u0131 \u00e7ok mutlu oldu\u011funu belirten Merkezefendi Belediye Ba\u015fkan\u0131 \u015eeniz Do\u011fan, &#8220;\u00d6nc\u00fcs\u00fc olmaktan b\u00fcy\u00fck gurur duydu\u011fumuz ve 8\u2019ncisini d\u00fczenledi\u011fimiz, \u00fc\u00e7 g\u00fcn s\u00fcren Merkezefendi Belediyesi Giri\u015fimci Kad\u0131nlara Destek G\u00fcnleri\u2019miz sona erdi. Stantlar\u0131yla festivale renk katan kad\u0131n giri\u015fimcilerimize, etkinliklerimize kat\u0131l\u0131m g\u00f6steren de\u011ferli misafirlerimize ve festivalimizi co\u015fkuyla sahiplenen hem\u015ferilerimize y\u00fcrekten te\u015fekk\u00fcr ediyorum. Kad\u0131nlar\u0131m\u0131z\u0131n eme\u011fini her zaman desteklemeye, onlarla birlikte daha nice g\u00fczel etkinlikler ger\u00e7ekle\u015ftirmeye devam edece\u011fiz&#8221; dedi.<br \/><\/p>\n","protected":false},"excerpt":{"rendered":"<p>Merkezefendi Belediyesi taraf\u0131ndan 8. kez d\u00fczenlenen Giri\u015fimci Kad\u0131nlara Destek G\u00fcnleri, Denizlililerin yo\u011fun ilgisiyle sona erdi. Merkezefendi Belediye Ba\u015fkan\u0131 \u015eeniz Do\u011fan, &#8220;Stantlar\u0131yla Giri\u015fimci Kad\u0131nlara Destek G\u00fcnleri\u2019ne renk katan kad\u0131n giri\u015fimcilerimize, etkinliklerimize kat\u0131lan hem\u015ferilerimize y\u00fcrekten te\u015fekk\u00fcr ediyorum&#8221; dedi. K\u00fclt\u00fcr ve sanat alan\u0131ndaki faaliyetlerine devam eden Merkezefendi Belediyesi, giri\u015fimci kad\u0131nlara destek olmak amac\u0131yla ba\u015flatt\u0131\u011f\u0131 ve sonras\u0131nda geleneksel hale&#8230;<\/p>\n","protected":false},"author":1,"featured_media":28132,"comment_status":"open","ping_status":"open","sticky":false,"template":"","format":"standard","meta":{"_crdt_document":"","footnotes":""},"categories":[125],"tags":[],"class_list":["post-28131","post","type-post","status-publish","format-standard","has-post-thumbnail","hentry","category-ekonomi"],"_links":{"self":[{"href":"https:\/\/www.egemtv.com\/index.php?rest_route=\/wp\/v2\/posts\/28131","targetHints":{"allow":["GET"]}}],"collection":[{"href":"https:\/\/www.egemtv.com\/index.php?rest_route=\/wp\/v2\/posts"}],"about":[{"href":"https:\/\/www.egemtv.com\/index.php?rest_route=\/wp\/v2\/types\/post"}],"author":[{"embeddable":true,"href":"https:\/\/www.egemtv.com\/index.php?rest_route=\/wp\/v2\/users\/1"}],"replies":[{"embeddable":true,"href":"https:\/\/www.egemtv.com\/index.php?rest_route=%2Fwp%2Fv2%2Fcomments&post=28131"}],"version-history":[{"count":1,"href":"https:\/\/www.egemtv.com\/index.php?rest_route=\/wp\/v2\/posts\/28131\/revisions"}],"predecessor-version":[{"id":28133,"href":"https:\/\/www.egemtv.com\/index.php?rest_route=\/wp\/v2\/posts\/28131\/revisions\/28133"}],"wp:featuredmedia":[{"embeddable":true,"href":"https:\/\/www.egemtv.com\/index.php?rest_route=\/wp\/v2\/media\/28132"}],"wp:attachment":[{"href":"https:\/\/www.egemtv.com\/index.php?rest_route=%2Fwp%2Fv2%2Fmedia&parent=28131"}],"wp:term":[{"taxonomy":"category","embeddable":true,"href":"https:\/\/www.egemtv.com\/index.php?rest_route=%2Fwp%2Fv2%2Fcategories&post=28131"},{"taxonomy":"post_tag","embeddable":true,"href":"https:\/\/www.egemtv.com\/index.php?rest_route=%2Fwp%2Fv2%2Ftags&post=28131"}],"curies":[{"name":"wp","href":"https:\/\/api.w.org\/{rel}","templated":true}]}}