{"id":28128,"date":"2025-05-12T13:56:14","date_gmt":"2025-05-12T10:56:14","guid":{"rendered":"https:\/\/www.egemtv.com\/?p=28128"},"modified":"2025-05-12T13:56:18","modified_gmt":"2025-05-12T10:56:18","slug":"denizlide-seyir-halindeki-halk-otobusunu-kaplayan-dumanlar-korku-dolu-anlar-yasatti","status":"publish","type":"post","link":"https:\/\/www.egemtv.com\/?p=28128","title":{"rendered":"Denizli\u2019de seyir halindeki halk otob\u00fcs\u00fcn\u00fc kaplayan dumanlar korku dolu anlar ya\u015fatt\u0131"},"content":{"rendered":"<p>Denizli\u2019de belediyeye ait halk otob\u00fcs\u00fc yolcu almak i\u00e7in durakta durdu\u011fu esnada otob\u00fcs\u00fcn motor k\u0131sm\u0131ndan dumanlar \u00e7\u0131kmaya ba\u015flad\u0131. Dumanlar\u0131n sard\u0131\u011f\u0131 otob\u00fcs \u015fof\u00f6r taraf\u0131ndan h\u0131zl\u0131ca tahliye edildi.<\/p>\n<p>Olay, Denizli\u2019nin Merkezefendi \u0130l\u00e7esi 15 May\u0131s Mahallesi Gazi Mustafa Kemal Bulvar\u0131 \u00fczerinde meydana geldi. Edinilen bilgiye g\u00f6re, Denizli B\u00fcy\u00fck\u015fehir Belediyesine ait halk otob\u00fcs\u00fc Gazi Mustafa Kemal Bulvar\u0131 \u00fczerindeki Valilik dura\u011f\u0131nda yolcu almak i\u00e7in durdu. Otob\u00fcs\u00fcn durakta bekledi\u011fi s\u0131rada motor k\u0131sm\u0131ndan dumanlar y\u00fckselmeye ba\u015flad\u0131. Durumu fark eden \u00e7evredeki vatanda\u015flar hemen \u015fof\u00f6r\u00fc bilgi verdi. Durumu fark eden \u015fof\u00f6r otob\u00fcs i\u00e7indeki yolcular\u0131 hemen tahliye etti. Durakta bekleyen di\u011fer vatanda\u015flar\u0131nda otob\u00fcsten uzakla\u015ft\u0131r\u0131larak g\u00fcvenli b\u00f6lgeye al\u0131nd\u0131.<\/p>\n<p>Otob\u00fcsten y\u00fckselen dumanlar\u0131 g\u00f6ren yolcular ve durakta bekleyen vatanda\u015flarda panik olu\u015ftu. \u0130hbar \u00fczerine b\u00f6lgeye \u0130tfaiye ekipleri sevk edildi. Dumanlar\u0131n sard\u0131\u011f\u0131 otob\u00fcs itfaiye ekiplerinin h\u0131zl\u0131 m\u00fcdahalesiyle alev almadan kontrol alt\u0131na al\u0131nd\u0131.<br \/><\/p>\n","protected":false},"excerpt":{"rendered":"<p>Denizli\u2019de belediyeye ait halk otob\u00fcs\u00fc yolcu almak i\u00e7in durakta durdu\u011fu esnada otob\u00fcs\u00fcn motor k\u0131sm\u0131ndan dumanlar \u00e7\u0131kmaya ba\u015flad\u0131. Dumanlar\u0131n sard\u0131\u011f\u0131 otob\u00fcs \u015fof\u00f6r taraf\u0131ndan h\u0131zl\u0131ca tahliye edildi. Olay, Denizli\u2019nin Merkezefendi \u0130l\u00e7esi 15 May\u0131s Mahallesi Gazi Mustafa Kemal Bulvar\u0131 \u00fczerinde meydana geldi. Edinilen bilgiye g\u00f6re, Denizli B\u00fcy\u00fck\u015fehir Belediyesine ait halk otob\u00fcs\u00fc Gazi Mustafa Kemal Bulvar\u0131 \u00fczerindeki Valilik dura\u011f\u0131nda&#8230;<\/p>\n","protected":false},"author":1,"featured_media":28129,"comment_status":"open","ping_status":"open","sticky":false,"template":"","format":"standard","meta":{"_crdt_document":"","footnotes":""},"categories":[5],"tags":[],"class_list":["post-28128","post","type-post","status-publish","format-standard","has-post-thumbnail","hentry","category-asayis"],"_links":{"self":[{"href":"https:\/\/www.egemtv.com\/index.php?rest_route=\/wp\/v2\/posts\/28128","targetHints":{"allow":["GET"]}}],"collection":[{"href":"https:\/\/www.egemtv.com\/index.php?rest_route=\/wp\/v2\/posts"}],"about":[{"href":"https:\/\/www.egemtv.com\/index.php?rest_route=\/wp\/v2\/types\/post"}],"author":[{"embeddable":true,"href":"https:\/\/www.egemtv.com\/index.php?rest_route=\/wp\/v2\/users\/1"}],"replies":[{"embeddable":true,"href":"https:\/\/www.egemtv.com\/index.php?rest_route=%2Fwp%2Fv2%2Fcomments&post=28128"}],"version-history":[{"count":1,"href":"https:\/\/www.egemtv.com\/index.php?rest_route=\/wp\/v2\/posts\/28128\/revisions"}],"predecessor-version":[{"id":28130,"href":"https:\/\/www.egemtv.com\/index.php?rest_route=\/wp\/v2\/posts\/28128\/revisions\/28130"}],"wp:featuredmedia":[{"embeddable":true,"href":"https:\/\/www.egemtv.com\/index.php?rest_route=\/wp\/v2\/media\/28129"}],"wp:attachment":[{"href":"https:\/\/www.egemtv.com\/index.php?rest_route=%2Fwp%2Fv2%2Fmedia&parent=28128"}],"wp:term":[{"taxonomy":"category","embeddable":true,"href":"https:\/\/www.egemtv.com\/index.php?rest_route=%2Fwp%2Fv2%2Fcategories&post=28128"},{"taxonomy":"post_tag","embeddable":true,"href":"https:\/\/www.egemtv.com\/index.php?rest_route=%2Fwp%2Fv2%2Ftags&post=28128"}],"curies":[{"name":"wp","href":"https:\/\/api.w.org\/{rel}","templated":true}]}}