{"id":28125,"date":"2025-05-12T13:17:19","date_gmt":"2025-05-12T10:17:19","guid":{"rendered":"https:\/\/www.egemtv.com\/?p=28125"},"modified":"2025-05-12T13:17:23","modified_gmt":"2025-05-12T10:17:23","slug":"muglada-10-16-mayis-engelliler-haftasi-etkinlikleri-yuruyusle-basladi","status":"publish","type":"post","link":"https:\/\/www.egemtv.com\/?p=28125","title":{"rendered":"Mu\u011fla\u2019da 10-16 May\u0131s Engelliler Haftas\u0131 etkinlikleri y\u00fcr\u00fcy\u00fc\u015fle ba\u015flad\u0131"},"content":{"rendered":"<p>Mu\u011fla\u2019n\u0131n Mente\u015fe il\u00e7esinde, 10-16 May\u0131s Engelliler Haftas\u0131 kapsam\u0131nda fark\u0131ndal\u0131k olu\u015fturmak amac\u0131yla d\u00fczenlenen etkinlikte engelli bireyler ve onlara destek veren kurumlar y\u00fcr\u00fcy\u00fc\u015f ger\u00e7ekle\u015ftirdi. Mu\u011fla B\u00fcy\u00fck\u015fehir Belediyesi Engelsiz \u0130zciler Bando Tak\u0131m\u0131 e\u015fli\u011finde yap\u0131lan y\u00fcr\u00fcy\u00fc\u015f, renkli g\u00f6r\u00fcnt\u00fclere sahne oldu.<\/p>\n<p>Mu\u011fla Olgunla\u015fma Enstit\u00fcs\u00fc \u00f6n\u00fcnden ba\u015flayan y\u00fcr\u00fcy\u00fc\u015fe, Mu\u011fla Aile ve Sosyal Hizmetler \u0130l M\u00fcd\u00fcr\u00fc Yakup K\u00fct\u00fck, Mente\u015fe Belediye Ba\u015fkan Yard\u0131mc\u0131s\u0131 Mehmet Tah\u00e7a, Mente\u015fe \u0130l\u00e7e Milli E\u011fitim M\u00fcd\u00fcr\u00fc \u0130dris K\u00f6m\u00fcrc\u00fc, engelli bireyler, sivil toplum kurulu\u015flar\u0131n\u0131n temsilcileri ve \u00e7ok say\u0131da \u00f6\u011frenci kat\u0131ld\u0131.<\/p>\n<p>Kat\u0131l\u0131mc\u0131lar, Cumhuriyet Meydan\u0131\u2019na kadar s\u00fcren y\u00fcr\u00fcy\u00fc\u015f\u00fcn ard\u0131ndan Atat\u00fcrk b\u00fcst\u00fcne \u00e7elenk sundu. \u00c7elenk sunma t\u00f6renine, Mu\u011fla Aile ve Sosyal Hizmetler \u0130l M\u00fcd\u00fcrl\u00fc\u011f\u00fc, Mu\u011fla Engelliler Derne\u011fi, Mu\u011fla Zihinsel Engelliler Derne\u011fi, T\u00fcrkiye Beyazay Derne\u011fi Mu\u011fla \u015eubesi, T\u00fcrkiye Sakatlar Derne\u011fi Mu\u011fla \u015eubesi, Mu\u011fla Sessizler Spor Kul\u00fcb\u00fc ve Mu\u011fla Tip 1 Diyabetliler Derne\u011fi temsilcileri kat\u0131ld\u0131.<\/p>\n<p>Program, Mu\u011fla B\u00fcy\u00fck\u015fehir Belediyesi b\u00fcnyesinde faaliyet g\u00f6steren Engelsiz \u0130zciler Bando Tak\u0131m\u0131n\u0131n Cumhuriyet Meydan\u0131\u2019nda sergiledi\u011fi co\u015fkulu g\u00f6steriyle sona erdi. Vatanda\u015flar\u0131n b\u00fcy\u00fck ilgi g\u00f6sterdi\u011fi g\u00f6steri, izleyenlerden alk\u0131\u015f ald\u0131.<br \/><\/p>\n","protected":false},"excerpt":{"rendered":"<p>Mu\u011fla\u2019n\u0131n Mente\u015fe il\u00e7esinde, 10-16 May\u0131s Engelliler Haftas\u0131 kapsam\u0131nda fark\u0131ndal\u0131k olu\u015fturmak amac\u0131yla d\u00fczenlenen etkinlikte engelli bireyler ve onlara destek veren kurumlar y\u00fcr\u00fcy\u00fc\u015f ger\u00e7ekle\u015ftirdi. Mu\u011fla B\u00fcy\u00fck\u015fehir Belediyesi Engelsiz \u0130zciler Bando Tak\u0131m\u0131 e\u015fli\u011finde yap\u0131lan y\u00fcr\u00fcy\u00fc\u015f, renkli g\u00f6r\u00fcnt\u00fclere sahne oldu. Mu\u011fla Olgunla\u015fma Enstit\u00fcs\u00fc \u00f6n\u00fcnden ba\u015flayan y\u00fcr\u00fcy\u00fc\u015fe, Mu\u011fla Aile ve Sosyal Hizmetler \u0130l M\u00fcd\u00fcr\u00fc Yakup K\u00fct\u00fck, Mente\u015fe Belediye Ba\u015fkan Yard\u0131mc\u0131s\u0131&#8230;<\/p>\n","protected":false},"author":1,"featured_media":28126,"comment_status":"open","ping_status":"open","sticky":false,"template":"","format":"standard","meta":{"_crdt_document":"","footnotes":""},"categories":[1],"tags":[],"class_list":["post-28125","post","type-post","status-publish","format-standard","has-post-thumbnail","hentry","category-guncel"],"_links":{"self":[{"href":"https:\/\/www.egemtv.com\/index.php?rest_route=\/wp\/v2\/posts\/28125","targetHints":{"allow":["GET"]}}],"collection":[{"href":"https:\/\/www.egemtv.com\/index.php?rest_route=\/wp\/v2\/posts"}],"about":[{"href":"https:\/\/www.egemtv.com\/index.php?rest_route=\/wp\/v2\/types\/post"}],"author":[{"embeddable":true,"href":"https:\/\/www.egemtv.com\/index.php?rest_route=\/wp\/v2\/users\/1"}],"replies":[{"embeddable":true,"href":"https:\/\/www.egemtv.com\/index.php?rest_route=%2Fwp%2Fv2%2Fcomments&post=28125"}],"version-history":[{"count":1,"href":"https:\/\/www.egemtv.com\/index.php?rest_route=\/wp\/v2\/posts\/28125\/revisions"}],"predecessor-version":[{"id":28127,"href":"https:\/\/www.egemtv.com\/index.php?rest_route=\/wp\/v2\/posts\/28125\/revisions\/28127"}],"wp:featuredmedia":[{"embeddable":true,"href":"https:\/\/www.egemtv.com\/index.php?rest_route=\/wp\/v2\/media\/28126"}],"wp:attachment":[{"href":"https:\/\/www.egemtv.com\/index.php?rest_route=%2Fwp%2Fv2%2Fmedia&parent=28125"}],"wp:term":[{"taxonomy":"category","embeddable":true,"href":"https:\/\/www.egemtv.com\/index.php?rest_route=%2Fwp%2Fv2%2Fcategories&post=28125"},{"taxonomy":"post_tag","embeddable":true,"href":"https:\/\/www.egemtv.com\/index.php?rest_route=%2Fwp%2Fv2%2Ftags&post=28125"}],"curies":[{"name":"wp","href":"https:\/\/api.w.org\/{rel}","templated":true}]}}