{"id":28122,"date":"2025-05-12T13:17:15","date_gmt":"2025-05-12T10:17:15","guid":{"rendered":"https:\/\/www.egemtv.com\/?p=28122"},"modified":"2025-05-12T13:17:19","modified_gmt":"2025-05-12T10:17:19","slug":"gedizli-ogrenciden-turkiye-dordunculugu","status":"publish","type":"post","link":"https:\/\/www.egemtv.com\/?p=28122","title":{"rendered":"Gedizli \u00f6\u011frenciden T\u00fcrkiye d\u00f6rd\u00fcnc\u00fcl\u00fc\u011f\u00fc"},"content":{"rendered":"<p>Denizli\u2019de d\u00fczenlenen Okul Sporlar\u0131 T\u00fcrkiye \u015eampiyonas\u0131\u2019nda K\u00fctahya\u2019y\u0131 temsil eden Gediz Atat\u00fcrk Ortaokulu \u00f6\u011frencisi Mert Ali Karao\u011flan, k\u00fc\u00e7\u00fckler y\u00fcksek atlama kategorisinde T\u00fcrkiye 4\u2019\u00fcnc\u00fcs\u00fc oldu.<br \/>\n<br \/>Gen\u00e7 sporcu Mert Ali Karao\u011flan, yetene\u011fi ve azmiyle dikkatleri \u00fczerine \u00e7ekerken, K\u00fctahya\u2019n\u0131n gururu oldu. Gediz \u0130l\u00e7e Milli E\u011fitim M\u00fcd\u00fcr\u00fc Murat \u0130\u00e7el, gen\u00e7 sporcunun ba\u015far\u0131s\u0131ndan duydu\u011fu memnuniyeti dile getirerek,<br \/>\n<br \/>&#8220;\u00d6\u011frencimiz Mert Ali Karao\u011flan\u2019\u0131n T\u00fcrkiye \u015eampiyonas\u0131nda elde etti\u011fi bu derece, il\u00e7emiz i\u00e7in b\u00fcy\u00fck bir onur kayna\u011f\u0131d\u0131r. Kendisini y\u00fcrekten tebrik ediyor, ba\u015far\u0131lar\u0131n\u0131n devam\u0131n\u0131 diliyorum. Bu ba\u015far\u0131da eme\u011fi ge\u00e7en ba\u015fta \u00f6\u011frencimizin ailesi olmak \u00fczere, okul y\u00f6neticilerimize ve de\u011ferli \u00f6\u011fretmenlerimize de te\u015fekk\u00fcrlerimi sunuyorum&#8221; ifadelerini kulland\u0131.<br \/><\/p>\n","protected":false},"excerpt":{"rendered":"<p>Denizli\u2019de d\u00fczenlenen Okul Sporlar\u0131 T\u00fcrkiye \u015eampiyonas\u0131\u2019nda K\u00fctahya\u2019y\u0131 temsil eden Gediz Atat\u00fcrk Ortaokulu \u00f6\u011frencisi Mert Ali Karao\u011flan, k\u00fc\u00e7\u00fckler y\u00fcksek atlama kategorisinde T\u00fcrkiye 4\u2019\u00fcnc\u00fcs\u00fc oldu. Gen\u00e7 sporcu Mert Ali Karao\u011flan, yetene\u011fi ve azmiyle dikkatleri \u00fczerine \u00e7ekerken, K\u00fctahya\u2019n\u0131n gururu oldu. Gediz \u0130l\u00e7e Milli E\u011fitim M\u00fcd\u00fcr\u00fc Murat \u0130\u00e7el, gen\u00e7 sporcunun ba\u015far\u0131s\u0131ndan duydu\u011fu memnuniyeti dile getirerek, &#8220;\u00d6\u011frencimiz Mert Ali Karao\u011flan\u2019\u0131n&#8230;<\/p>\n","protected":false},"author":1,"featured_media":28123,"comment_status":"open","ping_status":"open","sticky":false,"template":"","format":"standard","meta":{"_crdt_document":"","footnotes":""},"categories":[4],"tags":[],"class_list":["post-28122","post","type-post","status-publish","format-standard","has-post-thumbnail","hentry","category-spor"],"_links":{"self":[{"href":"https:\/\/www.egemtv.com\/index.php?rest_route=\/wp\/v2\/posts\/28122","targetHints":{"allow":["GET"]}}],"collection":[{"href":"https:\/\/www.egemtv.com\/index.php?rest_route=\/wp\/v2\/posts"}],"about":[{"href":"https:\/\/www.egemtv.com\/index.php?rest_route=\/wp\/v2\/types\/post"}],"author":[{"embeddable":true,"href":"https:\/\/www.egemtv.com\/index.php?rest_route=\/wp\/v2\/users\/1"}],"replies":[{"embeddable":true,"href":"https:\/\/www.egemtv.com\/index.php?rest_route=%2Fwp%2Fv2%2Fcomments&post=28122"}],"version-history":[{"count":1,"href":"https:\/\/www.egemtv.com\/index.php?rest_route=\/wp\/v2\/posts\/28122\/revisions"}],"predecessor-version":[{"id":28124,"href":"https:\/\/www.egemtv.com\/index.php?rest_route=\/wp\/v2\/posts\/28122\/revisions\/28124"}],"wp:featuredmedia":[{"embeddable":true,"href":"https:\/\/www.egemtv.com\/index.php?rest_route=\/wp\/v2\/media\/28123"}],"wp:attachment":[{"href":"https:\/\/www.egemtv.com\/index.php?rest_route=%2Fwp%2Fv2%2Fmedia&parent=28122"}],"wp:term":[{"taxonomy":"category","embeddable":true,"href":"https:\/\/www.egemtv.com\/index.php?rest_route=%2Fwp%2Fv2%2Fcategories&post=28122"},{"taxonomy":"post_tag","embeddable":true,"href":"https:\/\/www.egemtv.com\/index.php?rest_route=%2Fwp%2Fv2%2Ftags&post=28122"}],"curies":[{"name":"wp","href":"https:\/\/api.w.org\/{rel}","templated":true}]}}