{"id":28119,"date":"2025-05-12T13:17:11","date_gmt":"2025-05-12T10:17:11","guid":{"rendered":"https:\/\/www.egemtv.com\/?p=28119"},"modified":"2025-05-12T13:17:15","modified_gmt":"2025-05-12T10:17:15","slug":"mentesede-annelere-ozel-etkinlik","status":"publish","type":"post","link":"https:\/\/www.egemtv.com\/?p=28119","title":{"rendered":"Mente\u015fe\u2019de annelere \u00f6zel etkinlik"},"content":{"rendered":"<p>Cumhurba\u015fkanl\u0131\u011f\u0131 taraf\u0131ndan &#8220;Aile Y\u0131l\u0131&#8221; olarak ilan edilen 2025 y\u0131l\u0131 ruhuna uygun olarak ve Anneler G\u00fcn\u00fc dolay\u0131s\u0131yla Mente\u015fe Kaymakaml\u0131\u011f\u0131 Sosyal Yard\u0131mla\u015fma ve Dayan\u0131\u015fma Vakf\u0131 (SYDV) g\u00f6n\u00fcllere dokunan bir etkinlik ger\u00e7ekle\u015ftirdi.<\/p>\n<p>Mu\u011fla\u2019n\u0131n Mente\u015fe il\u00e7esinde ikamet eden \u015fehit ve gazi yak\u0131n\u0131 ile \u00f6zel ihtiya\u00e7l\u0131 \u00e7ocuklar\u0131 olan anneler evlerinde ziyaret edilerek Anneler G\u00fcn\u00fc kutland\u0131. Etkinlik \u00e7er\u00e7evesinde, toplumun temel dire\u011fi olan ve b\u00fcy\u00fck fedak\u00e2rl\u0131klarla evlatlar\u0131n\u0131 yeti\u015ftiren 40 anneye, Mente\u015fe Aile Destek Merkezi (ADEM) kursiyerleri taraf\u0131ndan \u00f6zenle haz\u0131rlanan el eme\u011fi g\u00f6z nuru hediyeler takdim edildi. Mente\u015fe Kaymakam\u0131 Mehmet Eri\u015f ve e\u015fi, vak\u0131f personeli ile birlikte ev ziyaretlerine bizzat kat\u0131larak annelerle birebir ilgilendi. Ziyaretler s\u0131ras\u0131nda duygusal anlar ya\u015fan\u0131rken, anneler kendilerini hat\u0131rlayan ve bu \u00f6zel g\u00fcnde yanlar\u0131nda olan Kaymakam Eri\u015f ve e\u015fi ile Vak\u0131f yetkililerine te\u015fekk\u00fcrlerini iletti.<\/p>\n<p>Mente\u015fe SYDV\u2019nin vatanda\u015flar\u0131n her zaman yan\u0131nda olmaya ve Aile Destek Merkezi gibi toplum faydas\u0131na \u00e7al\u0131\u015fan kurumlar\u0131 desteklemeye devam edece\u011fi belirtildi.<br \/><\/p>\n","protected":false},"excerpt":{"rendered":"<p>Cumhurba\u015fkanl\u0131\u011f\u0131 taraf\u0131ndan &#8220;Aile Y\u0131l\u0131&#8221; olarak ilan edilen 2025 y\u0131l\u0131 ruhuna uygun olarak ve Anneler G\u00fcn\u00fc dolay\u0131s\u0131yla Mente\u015fe Kaymakaml\u0131\u011f\u0131 Sosyal Yard\u0131mla\u015fma ve Dayan\u0131\u015fma Vakf\u0131 (SYDV) g\u00f6n\u00fcllere dokunan bir etkinlik ger\u00e7ekle\u015ftirdi. Mu\u011fla\u2019n\u0131n Mente\u015fe il\u00e7esinde ikamet eden \u015fehit ve gazi yak\u0131n\u0131 ile \u00f6zel ihtiya\u00e7l\u0131 \u00e7ocuklar\u0131 olan anneler evlerinde ziyaret edilerek Anneler G\u00fcn\u00fc kutland\u0131. Etkinlik \u00e7er\u00e7evesinde, toplumun temel dire\u011fi&#8230;<\/p>\n","protected":false},"author":1,"featured_media":28120,"comment_status":"open","ping_status":"open","sticky":false,"template":"","format":"standard","meta":{"_crdt_document":"","footnotes":""},"categories":[1],"tags":[],"class_list":["post-28119","post","type-post","status-publish","format-standard","has-post-thumbnail","hentry","category-guncel"],"_links":{"self":[{"href":"https:\/\/www.egemtv.com\/index.php?rest_route=\/wp\/v2\/posts\/28119","targetHints":{"allow":["GET"]}}],"collection":[{"href":"https:\/\/www.egemtv.com\/index.php?rest_route=\/wp\/v2\/posts"}],"about":[{"href":"https:\/\/www.egemtv.com\/index.php?rest_route=\/wp\/v2\/types\/post"}],"author":[{"embeddable":true,"href":"https:\/\/www.egemtv.com\/index.php?rest_route=\/wp\/v2\/users\/1"}],"replies":[{"embeddable":true,"href":"https:\/\/www.egemtv.com\/index.php?rest_route=%2Fwp%2Fv2%2Fcomments&post=28119"}],"version-history":[{"count":1,"href":"https:\/\/www.egemtv.com\/index.php?rest_route=\/wp\/v2\/posts\/28119\/revisions"}],"predecessor-version":[{"id":28121,"href":"https:\/\/www.egemtv.com\/index.php?rest_route=\/wp\/v2\/posts\/28119\/revisions\/28121"}],"wp:featuredmedia":[{"embeddable":true,"href":"https:\/\/www.egemtv.com\/index.php?rest_route=\/wp\/v2\/media\/28120"}],"wp:attachment":[{"href":"https:\/\/www.egemtv.com\/index.php?rest_route=%2Fwp%2Fv2%2Fmedia&parent=28119"}],"wp:term":[{"taxonomy":"category","embeddable":true,"href":"https:\/\/www.egemtv.com\/index.php?rest_route=%2Fwp%2Fv2%2Fcategories&post=28119"},{"taxonomy":"post_tag","embeddable":true,"href":"https:\/\/www.egemtv.com\/index.php?rest_route=%2Fwp%2Fv2%2Ftags&post=28119"}],"curies":[{"name":"wp","href":"https:\/\/api.w.org\/{rel}","templated":true}]}}