{"id":28116,"date":"2025-05-12T12:56:55","date_gmt":"2025-05-12T09:56:55","guid":{"rendered":"https:\/\/www.egemtv.com\/?p=28116"},"modified":"2025-05-12T12:57:00","modified_gmt":"2025-05-12T09:57:00","slug":"egirdirde-dualar-semaya-haci-adaylari-kutsal-topraklara-gozyaslariyla-ugurlandi","status":"publish","type":"post","link":"https:\/\/www.egemtv.com\/?p=28116","title":{"rendered":"E\u011firdir\u2019de dualar semaya, hac\u0131 adaylar\u0131 kutsal topraklara g\u00f6zya\u015flar\u0131yla u\u011furland\u0131"},"content":{"rendered":"<p>E\u011firdir\u2019den bu y\u0131l hac ibadetini yerine getirmek \u00fczere yola \u00e7\u0131kan 33 hac\u0131 aday\u0131, d\u00fczenlenen t\u00f6renle kutsal topraklara u\u011furland\u0131.<br \/>\n<br \/>Diyanet \u0130\u015fleri Ba\u015fkanl\u0131\u011f\u0131 Hac Organizasyonu dahilinde E\u011firdir\u2019den hac ibadetini yerine getirmek \u00fczere yola \u00e7\u0131kan 33 hac\u0131 aday\u0131, 12 May\u0131s 2025 Pazartesi sabah\u0131 H\u00fck\u00fcmet Meydan\u0131\u2019nda d\u00fczenlenen t\u00f6renle kutsal topraklara u\u011furland\u0131. &#8220;Isparta 2. Kafile&#8221; ad\u0131 alt\u0131nda yola \u00e7\u0131kan hac\u0131 adaylar\u0131 i\u00e7in d\u00fczenlenen u\u011furlama t\u00f6reninde duygu dolu anlar ya\u015fand\u0131. Hac\u0131 adaylar\u0131 yak\u0131nlar\u0131yla vedala\u015f\u0131rken g\u00f6zya\u015flar\u0131na h\u00e2kim olamad\u0131. Meydanda toplanan aileler, akrabalar ve vatanda\u015flar duygusal anlara tan\u0131kl\u0131k etti.<\/p>\n<p>&#8220;130 ki\u015fi olarak bug\u00fcn saat 13.50\u2019de Medine\u2019ye hareket edece\u011fiz&#8221;<br \/>\n<br \/>T\u00f6rende konu\u015fan E\u011firdir M\u00fcft\u00fcs\u00fc ve kafile ba\u015fkan\u0131 Mehmet Ali Ero\u011flu, &#8220;Isparta 2\u2019nci kafilesi olarak E\u011firdir, Yalva\u00e7, \u015earkikaraa\u011fa\u00e7 ve Gelendost\u2019tan toplam 125 hac\u0131 aday\u0131m\u0131z ve 5 g\u00f6revlimizle birlikte, 130 ki\u015fi olarak bug\u00fcn saat 13.50\u2019de Isparta Havaliman\u0131\u2019ndan Medine\u2019ye hareket edece\u011fiz&#8221; dedi.<\/p>\n<p>&#8220;Rabbim bu kutsal yolculu\u011fu sa\u011fl\u0131kla tamamlamay\u0131 nasip etsin&#8221;<br \/>\n<br \/>M\u00fcft\u00fc Ero\u011flu, Medine ve Mekke\u2019de t\u00fcm milletimiz ve \u00f6zellikle E\u011firdir halk\u0131 i\u00e7in dua edeceklerini belirterek, &#8220;Rabbim bu kutsal yolculu\u011fu sa\u011fl\u0131kla tamamlamay\u0131 nasip etsin&#8221; temennisinde bulundu. Konu\u015fman\u0131n ard\u0131ndan yap\u0131lan dualarla birlikte hac\u0131 adaylar\u0131, tekbirler e\u015fli\u011finde otob\u00fcslerle Isparta Havaliman\u0131\u2019na u\u011furland\u0131. Yakla\u015f\u0131k 46 g\u00fcn s\u00fcrecek hac yolculu\u011funun ard\u0131ndan hac\u0131 adaylar\u0131n\u0131n tekrar E\u011firdir\u2019e d\u00f6nmesi bekleniyor.<br \/><\/p>\n","protected":false},"excerpt":{"rendered":"<p>E\u011firdir\u2019den bu y\u0131l hac ibadetini yerine getirmek \u00fczere yola \u00e7\u0131kan 33 hac\u0131 aday\u0131, d\u00fczenlenen t\u00f6renle kutsal topraklara u\u011furland\u0131. Diyanet \u0130\u015fleri Ba\u015fkanl\u0131\u011f\u0131 Hac Organizasyonu dahilinde E\u011firdir\u2019den hac ibadetini yerine getirmek \u00fczere yola \u00e7\u0131kan 33 hac\u0131 aday\u0131, 12 May\u0131s 2025 Pazartesi sabah\u0131 H\u00fck\u00fcmet Meydan\u0131\u2019nda d\u00fczenlenen t\u00f6renle kutsal topraklara u\u011furland\u0131. &#8220;Isparta 2. Kafile&#8221; ad\u0131 alt\u0131nda yola \u00e7\u0131kan hac\u0131&#8230;<\/p>\n","protected":false},"author":1,"featured_media":28117,"comment_status":"open","ping_status":"open","sticky":false,"template":"","format":"standard","meta":{"_crdt_document":"","footnotes":""},"categories":[123],"tags":[],"class_list":["post-28116","post","type-post","status-publish","format-standard","has-post-thumbnail","hentry","category-gundem"],"_links":{"self":[{"href":"https:\/\/www.egemtv.com\/index.php?rest_route=\/wp\/v2\/posts\/28116","targetHints":{"allow":["GET"]}}],"collection":[{"href":"https:\/\/www.egemtv.com\/index.php?rest_route=\/wp\/v2\/posts"}],"about":[{"href":"https:\/\/www.egemtv.com\/index.php?rest_route=\/wp\/v2\/types\/post"}],"author":[{"embeddable":true,"href":"https:\/\/www.egemtv.com\/index.php?rest_route=\/wp\/v2\/users\/1"}],"replies":[{"embeddable":true,"href":"https:\/\/www.egemtv.com\/index.php?rest_route=%2Fwp%2Fv2%2Fcomments&post=28116"}],"version-history":[{"count":1,"href":"https:\/\/www.egemtv.com\/index.php?rest_route=\/wp\/v2\/posts\/28116\/revisions"}],"predecessor-version":[{"id":28118,"href":"https:\/\/www.egemtv.com\/index.php?rest_route=\/wp\/v2\/posts\/28116\/revisions\/28118"}],"wp:featuredmedia":[{"embeddable":true,"href":"https:\/\/www.egemtv.com\/index.php?rest_route=\/wp\/v2\/media\/28117"}],"wp:attachment":[{"href":"https:\/\/www.egemtv.com\/index.php?rest_route=%2Fwp%2Fv2%2Fmedia&parent=28116"}],"wp:term":[{"taxonomy":"category","embeddable":true,"href":"https:\/\/www.egemtv.com\/index.php?rest_route=%2Fwp%2Fv2%2Fcategories&post=28116"},{"taxonomy":"post_tag","embeddable":true,"href":"https:\/\/www.egemtv.com\/index.php?rest_route=%2Fwp%2Fv2%2Ftags&post=28116"}],"curies":[{"name":"wp","href":"https:\/\/api.w.org\/{rel}","templated":true}]}}