{"id":28113,"date":"2025-05-12T12:56:49","date_gmt":"2025-05-12T09:56:49","guid":{"rendered":"https:\/\/www.egemtv.com\/?p=28113"},"modified":"2025-05-12T12:56:54","modified_gmt":"2025-05-12T09:56:54","slug":"anneler-cocuklari-icin-sahaya-cikti","status":"publish","type":"post","link":"https:\/\/www.egemtv.com\/?p=28113","title":{"rendered":"Anneler \u00e7ocuklar\u0131 i\u00e7in sahaya \u00e7\u0131kt\u0131"},"content":{"rendered":"<p>Ayd\u0131n\u2019da faaliyet g\u00f6steren \u00f6ze bir spor kul\u00fcb\u00fc taraf\u0131ndan annelere y\u00f6nelik futbol ma\u00e7\u0131 tertip edildi. Kul\u00fcb\u00fcn k\u0131z futbol tak\u0131m\u0131nda oynayan k\u0131zlar\u0131n annelerinin top ko\u015fturdu\u011fu etkinlik renkli g\u00f6r\u00fcnt\u00fclere sahne olurken, her ma\u00e7ta annelerinin deste\u011fini g\u00f6ren k\u0131zlar bu defa annelerini destekledi.<br \/>\n<br \/>Adnan Menderes Stadyumu yan sahalarda ger\u00e7ekle\u015ftirilen ma\u00e7a anneler de k\u0131zlar da yo\u011fun ilgi g\u00f6sterdi. Anneler g\u00fcn\u00fc etkinlikleri \u00e7er\u00e7evesinde ger\u00e7ekle\u015ftirilen ma\u00e7larda pek \u00e7ok anne ilk defa ye\u015fil sahaya \u00e7\u0131k\u0131p top ko\u015fturdu. Saha kenar\u0131nda annelerini destekleyen k\u0131zlar ise olduk\u00e7a centilmen ge\u00e7en ma\u00e7ta annelerine taktik vermeye \u00e7al\u0131\u015ft\u0131. Hem e\u011flenceli hem duygusal anlara sahne olan kar\u015f\u0131la\u015fmada her iki tak\u0131m\u0131n seyircileri &#8220;Anne&#8221; diye tezah\u00fcrat yapt\u0131.<br \/><\/p>\n","protected":false},"excerpt":{"rendered":"<p>Ayd\u0131n\u2019da faaliyet g\u00f6steren \u00f6ze bir spor kul\u00fcb\u00fc taraf\u0131ndan annelere y\u00f6nelik futbol ma\u00e7\u0131 tertip edildi. Kul\u00fcb\u00fcn k\u0131z futbol tak\u0131m\u0131nda oynayan k\u0131zlar\u0131n annelerinin top ko\u015fturdu\u011fu etkinlik renkli g\u00f6r\u00fcnt\u00fclere sahne olurken, her ma\u00e7ta annelerinin deste\u011fini g\u00f6ren k\u0131zlar bu defa annelerini destekledi. Adnan Menderes Stadyumu yan sahalarda ger\u00e7ekle\u015ftirilen ma\u00e7a anneler de k\u0131zlar da yo\u011fun ilgi g\u00f6sterdi. Anneler g\u00fcn\u00fc etkinlikleri&#8230;<\/p>\n","protected":false},"author":1,"featured_media":28114,"comment_status":"open","ping_status":"open","sticky":false,"template":"","format":"standard","meta":{"_crdt_document":"","footnotes":""},"categories":[4],"tags":[],"class_list":["post-28113","post","type-post","status-publish","format-standard","has-post-thumbnail","hentry","category-spor"],"_links":{"self":[{"href":"https:\/\/www.egemtv.com\/index.php?rest_route=\/wp\/v2\/posts\/28113","targetHints":{"allow":["GET"]}}],"collection":[{"href":"https:\/\/www.egemtv.com\/index.php?rest_route=\/wp\/v2\/posts"}],"about":[{"href":"https:\/\/www.egemtv.com\/index.php?rest_route=\/wp\/v2\/types\/post"}],"author":[{"embeddable":true,"href":"https:\/\/www.egemtv.com\/index.php?rest_route=\/wp\/v2\/users\/1"}],"replies":[{"embeddable":true,"href":"https:\/\/www.egemtv.com\/index.php?rest_route=%2Fwp%2Fv2%2Fcomments&post=28113"}],"version-history":[{"count":1,"href":"https:\/\/www.egemtv.com\/index.php?rest_route=\/wp\/v2\/posts\/28113\/revisions"}],"predecessor-version":[{"id":28115,"href":"https:\/\/www.egemtv.com\/index.php?rest_route=\/wp\/v2\/posts\/28113\/revisions\/28115"}],"wp:featuredmedia":[{"embeddable":true,"href":"https:\/\/www.egemtv.com\/index.php?rest_route=\/wp\/v2\/media\/28114"}],"wp:attachment":[{"href":"https:\/\/www.egemtv.com\/index.php?rest_route=%2Fwp%2Fv2%2Fmedia&parent=28113"}],"wp:term":[{"taxonomy":"category","embeddable":true,"href":"https:\/\/www.egemtv.com\/index.php?rest_route=%2Fwp%2Fv2%2Fcategories&post=28113"},{"taxonomy":"post_tag","embeddable":true,"href":"https:\/\/www.egemtv.com\/index.php?rest_route=%2Fwp%2Fv2%2Ftags&post=28113"}],"curies":[{"name":"wp","href":"https:\/\/api.w.org\/{rel}","templated":true}]}}