{"id":28107,"date":"2025-05-12T12:36:33","date_gmt":"2025-05-12T09:36:33","guid":{"rendered":"https:\/\/www.egemtv.com\/?p=28107"},"modified":"2025-05-12T12:36:38","modified_gmt":"2025-05-12T09:36:38","slug":"yunusemre-belediyespor-halk-oyunlarinda-ege-bolge-sampiyonu-oldu","status":"publish","type":"post","link":"https:\/\/www.egemtv.com\/?p=28107","title":{"rendered":"Yunusemre Belediyespor halk oyunlar\u0131nda Ege B\u00f6lge \u015eampiyonu oldu"},"content":{"rendered":"<p>Yunusemre Belediyespor Halk Oyunlar\u0131 Ekibi, \u0130zmir\u2019de d\u00fczenlenen Ege B\u00f6lge \u015eampiyonas\u0131\u2019nda iki dalda \u015fampiyon olarak Manisa\u2019y\u0131 gururland\u0131rd\u0131.<br \/>\n<br \/>Yunusemre Belediyespor Halk Oyunlar\u0131 Ekibi, T\u00fcrkiye Halk Oyunlar\u0131 Federasyonu taraf\u0131ndan \u0130zmir\u2019de d\u00fczenlenen Ege B\u00f6lge \u015eampiyonas\u0131\u2019nda iki dalda \u015fampiyon olarak Manisa\u2019ya \u00e7ifte kupa zaferiyle d\u00f6nd\u00fc. Yar\u0131\u015fmalarda harika bir performans ortaya koyan Mavi Beyazl\u0131lar, gen\u00e7ler d\u00fczenlemeli ve gen\u00e7ler d\u00fczenlemesiz karma dal\u0131nda b\u00fcy\u00fck bir ba\u015far\u0131ya imza atarak birinci olup zirvede yer ald\u0131. Gen\u00e7ler, bu ba\u015far\u0131s\u0131yla Manisa\u2019n\u0131n 14 y\u0131l s\u00fcren T\u00fcrkiye Finalleri hasretine son verdi. Yunusemre Belediyespor, gen\u00e7ler d\u00fczenlemeli dalda 89.40 puanla yar\u0131\u015fma geneline kat\u0131lan toplam 30 ekip aras\u0131nda en y\u00fcksek ikinci puan\u0131 ald\u0131. Mavi Beyazl\u0131lar, 13-15 Haziran tarihlerinde \u015eanl\u0131urfa\u2019da yap\u0131lacak T\u00fcrkiye \u015eampiyonas\u0131 Finalleri\u2019nde Manisa\u2019y\u0131 temsil edecek.<br \/>\n<br \/>Yunusemre Belediyespor Ba\u015fkan\u0131 B\u00fclent Kanik, gurur dolu ba\u015far\u0131lara imza att\u0131klar\u0131 i\u00e7in mutlu olduklar\u0131n\u0131 belirterek, gen\u00e7leri ve antren\u00f6rlerini tebrik etti. Bundan sonraki hedeflerinin T\u00fcrkiye Finalleri\u2019nden de ba\u015far\u0131yla d\u00f6nmek oldu\u011funu kaydeden Kanik, &#8220;Anneler G\u00fcn\u00fc\u2019nde kazand\u0131\u011f\u0131m\u0131z bu anlaml\u0131 \u015fampiyonluklar\u0131 k\u0131ymetli annelerimize ve t\u00fcm Manisa\u2019ya arma\u011fan ediyoruz. \u015eanl\u0131urfa\u2019dan iyi bir dereceyle d\u00f6nmek istiyoruz. Bizlere verdi\u011fi desteklerle bu b\u00fcy\u00fck ba\u015far\u0131lar\u0131n \u00f6nc\u00fcs\u00fc olan Yunusemre Belediye Ba\u015fkan\u0131m\u0131z Semih Balaban\u2019a, her zaman yan\u0131m\u0131zda olan Belediye Ba\u015fkan Yard\u0131mc\u0131m\u0131z Hakan G\u00fcrtunca\u2019ya, ekibimizi yaln\u0131z b\u0131rakmayan fedakar ailelerimize y\u00fcrekten te\u015fekk\u00fcr ederiz&#8221; diye konu\u015ftu.<br \/><\/p>\n","protected":false},"excerpt":{"rendered":"<p>Yunusemre Belediyespor Halk Oyunlar\u0131 Ekibi, \u0130zmir\u2019de d\u00fczenlenen Ege B\u00f6lge \u015eampiyonas\u0131\u2019nda iki dalda \u015fampiyon olarak Manisa\u2019y\u0131 gururland\u0131rd\u0131. Yunusemre Belediyespor Halk Oyunlar\u0131 Ekibi, T\u00fcrkiye Halk Oyunlar\u0131 Federasyonu taraf\u0131ndan \u0130zmir\u2019de d\u00fczenlenen Ege B\u00f6lge \u015eampiyonas\u0131\u2019nda iki dalda \u015fampiyon olarak Manisa\u2019ya \u00e7ifte kupa zaferiyle d\u00f6nd\u00fc. Yar\u0131\u015fmalarda harika bir performans ortaya koyan Mavi Beyazl\u0131lar, gen\u00e7ler d\u00fczenlemeli ve gen\u00e7ler d\u00fczenlemesiz karma dal\u0131nda&#8230;<\/p>\n","protected":false},"author":1,"featured_media":28108,"comment_status":"open","ping_status":"open","sticky":false,"template":"","format":"standard","meta":{"_crdt_document":"","footnotes":""},"categories":[4],"tags":[],"class_list":["post-28107","post","type-post","status-publish","format-standard","has-post-thumbnail","hentry","category-spor"],"_links":{"self":[{"href":"https:\/\/www.egemtv.com\/index.php?rest_route=\/wp\/v2\/posts\/28107","targetHints":{"allow":["GET"]}}],"collection":[{"href":"https:\/\/www.egemtv.com\/index.php?rest_route=\/wp\/v2\/posts"}],"about":[{"href":"https:\/\/www.egemtv.com\/index.php?rest_route=\/wp\/v2\/types\/post"}],"author":[{"embeddable":true,"href":"https:\/\/www.egemtv.com\/index.php?rest_route=\/wp\/v2\/users\/1"}],"replies":[{"embeddable":true,"href":"https:\/\/www.egemtv.com\/index.php?rest_route=%2Fwp%2Fv2%2Fcomments&post=28107"}],"version-history":[{"count":1,"href":"https:\/\/www.egemtv.com\/index.php?rest_route=\/wp\/v2\/posts\/28107\/revisions"}],"predecessor-version":[{"id":28109,"href":"https:\/\/www.egemtv.com\/index.php?rest_route=\/wp\/v2\/posts\/28107\/revisions\/28109"}],"wp:featuredmedia":[{"embeddable":true,"href":"https:\/\/www.egemtv.com\/index.php?rest_route=\/wp\/v2\/media\/28108"}],"wp:attachment":[{"href":"https:\/\/www.egemtv.com\/index.php?rest_route=%2Fwp%2Fv2%2Fmedia&parent=28107"}],"wp:term":[{"taxonomy":"category","embeddable":true,"href":"https:\/\/www.egemtv.com\/index.php?rest_route=%2Fwp%2Fv2%2Fcategories&post=28107"},{"taxonomy":"post_tag","embeddable":true,"href":"https:\/\/www.egemtv.com\/index.php?rest_route=%2Fwp%2Fv2%2Ftags&post=28107"}],"curies":[{"name":"wp","href":"https:\/\/api.w.org\/{rel}","templated":true}]}}