{"id":28104,"date":"2025-05-12T12:36:31","date_gmt":"2025-05-12T09:36:31","guid":{"rendered":"https:\/\/www.egemtv.com\/?p=28104"},"modified":"2025-05-12T12:36:33","modified_gmt":"2025-05-12T09:36:33","slug":"galatasaray-ve-fenerbahce-sampiyon","status":"publish","type":"post","link":"https:\/\/www.egemtv.com\/?p=28104","title":{"rendered":"Galatasaray ve Fenerbah\u00e7e \u015fampiyon"},"content":{"rendered":"<p>T\u00fcrk futbolunun altyap\u0131 d\u00fczeyindeki en prestijli turnuvalar\u0131ndan biri olan 1984 Salihlispor 2. Sardes Kupas\u0131\u2019nda U11 ya\u015f grubunda Galatasaray, U10 ya\u015f grubunda ise Fenerbah\u00e7e \u015fampiyon oldu.<br \/>\n<br \/>\u2018Futbolun kalbi Salihli\u2019de atacak\u2019 slogan\u0131yla d\u00fczenlenen ve 3 g\u00fcn devam eden 1984 Salihlispor 2.Sardes Kupas\u0131 sona erdi. Galatasaray, Be\u015fikta\u015f, Fenerbah\u00e7e, G\u00f6ztepe, Alt\u0131nordu gibi bir\u00e7ok tak\u0131mlar\u0131n altyap\u0131lar\u0131n\u0131n kat\u0131ld\u0131\u011f\u0131 turnuvada ma\u00e7lar, \u0130smail Do\u011fan Erdin\u00e7 ve Ali \u0130hsan Karayi\u011fit Futbol Sahas\u0131\u2019nda oynand\u0131. Gelece\u011fin y\u0131ld\u0131zlar\u0131n\u0131n ter d\u00f6kt\u00fc\u011f\u00fc turnuvada U11 ya\u015f grubunda Galatasaray \u015fampiyon, 2. Fenerbah\u00e7e, 3. Alt\u0131nordu, 4. Manisa Magnezya Spor, U10 ya\u015f grubunda Fenerbah\u00e7e \u015fampiyon, 2. \u0130stanbul Ba\u015fak\u015fehir, 3. Galatasaray, 4. Buca Akademi oldu.<br \/>\n<br \/>Turnuvada \u015fampiyon olan Galatasaray ve Fenerbah\u00e7e\u2019nin kupalar\u0131n\u0131 Kaymakam Ali G\u00fcldo\u011fan, 2. olan tak\u0131mlar\u0131n kupalar\u0131n\u0131 \u0130l\u00e7e Emniyet M\u00fcd\u00fcr\u00fc Burhan Demirk\u0131ran, 3. olan tak\u0131mlar\u0131n kupalar\u0131n\u0131 \u0130l\u00e7e Gen\u00e7lik ve Spor M\u00fcd\u00fcr\u00fc Oktay Ayaz, 4. olan tak\u0131mlar\u0131n kupalar\u0131n\u0131 ise \u0130l\u00e7e Milli E\u011fitim M\u00fcd\u00fcr\u00fc Mahmut Yenen verdi.<br \/>\n<br \/>Turnuvan\u0131n \u015f\u00f6len havas\u0131nda ge\u00e7ti\u011fini belirten 1984 Salihlispor Kul\u00fcb\u00fc Ba\u015fkan\u0131 Emre Okta, turnuvaya 25 kul\u00fcp ve 48 tak\u0131m\u0131n kat\u0131ld\u0131\u011f\u0131n\u0131 s\u00f6yledi. Okta, dev turnuvan\u0131n hem Salihli\u2019nin tan\u0131t\u0131m\u0131na, hem de ekonomisine b\u00fcy\u00fck katk\u0131 sa\u011flad\u0131\u011f\u0131n\u0131 belirtti.<br \/><\/p>\n","protected":false},"excerpt":{"rendered":"<p>T\u00fcrk futbolunun altyap\u0131 d\u00fczeyindeki en prestijli turnuvalar\u0131ndan biri olan 1984 Salihlispor 2. Sardes Kupas\u0131\u2019nda U11 ya\u015f grubunda Galatasaray, U10 ya\u015f grubunda ise Fenerbah\u00e7e \u015fampiyon oldu. \u2018Futbolun kalbi Salihli\u2019de atacak\u2019 slogan\u0131yla d\u00fczenlenen ve 3 g\u00fcn devam eden 1984 Salihlispor 2.Sardes Kupas\u0131 sona erdi. Galatasaray, Be\u015fikta\u015f, Fenerbah\u00e7e, G\u00f6ztepe, Alt\u0131nordu gibi bir\u00e7ok tak\u0131mlar\u0131n altyap\u0131lar\u0131n\u0131n kat\u0131ld\u0131\u011f\u0131 turnuvada ma\u00e7lar, \u0130smail&#8230;<\/p>\n","protected":false},"author":1,"featured_media":28105,"comment_status":"open","ping_status":"open","sticky":false,"template":"","format":"standard","meta":{"_crdt_document":"","footnotes":""},"categories":[4],"tags":[],"class_list":["post-28104","post","type-post","status-publish","format-standard","has-post-thumbnail","hentry","category-spor"],"_links":{"self":[{"href":"https:\/\/www.egemtv.com\/index.php?rest_route=\/wp\/v2\/posts\/28104","targetHints":{"allow":["GET"]}}],"collection":[{"href":"https:\/\/www.egemtv.com\/index.php?rest_route=\/wp\/v2\/posts"}],"about":[{"href":"https:\/\/www.egemtv.com\/index.php?rest_route=\/wp\/v2\/types\/post"}],"author":[{"embeddable":true,"href":"https:\/\/www.egemtv.com\/index.php?rest_route=\/wp\/v2\/users\/1"}],"replies":[{"embeddable":true,"href":"https:\/\/www.egemtv.com\/index.php?rest_route=%2Fwp%2Fv2%2Fcomments&post=28104"}],"version-history":[{"count":1,"href":"https:\/\/www.egemtv.com\/index.php?rest_route=\/wp\/v2\/posts\/28104\/revisions"}],"predecessor-version":[{"id":28106,"href":"https:\/\/www.egemtv.com\/index.php?rest_route=\/wp\/v2\/posts\/28104\/revisions\/28106"}],"wp:featuredmedia":[{"embeddable":true,"href":"https:\/\/www.egemtv.com\/index.php?rest_route=\/wp\/v2\/media\/28105"}],"wp:attachment":[{"href":"https:\/\/www.egemtv.com\/index.php?rest_route=%2Fwp%2Fv2%2Fmedia&parent=28104"}],"wp:term":[{"taxonomy":"category","embeddable":true,"href":"https:\/\/www.egemtv.com\/index.php?rest_route=%2Fwp%2Fv2%2Fcategories&post=28104"},{"taxonomy":"post_tag","embeddable":true,"href":"https:\/\/www.egemtv.com\/index.php?rest_route=%2Fwp%2Fv2%2Ftags&post=28104"}],"curies":[{"name":"wp","href":"https:\/\/api.w.org\/{rel}","templated":true}]}}