{"id":28101,"date":"2025-05-12T12:16:28","date_gmt":"2025-05-12T09:16:28","guid":{"rendered":"https:\/\/www.egemtv.com\/?p=28101"},"modified":"2025-05-12T12:16:33","modified_gmt":"2025-05-12T09:16:33","slug":"emiralem-cilek-festivali-rekor-kirdi-katilim-milyonu-gecti","status":"publish","type":"post","link":"https:\/\/www.egemtv.com\/?p=28101","title":{"rendered":"Emiralem \u00c7ilek Festivali rekor k\u0131rd\u0131, kat\u0131l\u0131m milyonu ge\u00e7ti"},"content":{"rendered":"<p>Emiralem\u2019in kokusuyla, lezzetiyle nam salm\u0131\u015f \u00e7ile\u011fi i\u00e7in d\u00fczenlenen 15. Emiralem \u00c7ilek Festivali, tarihi bir ziyaret\u00e7i rekoruna imza att\u0131. \u0130zmir\u2019in tamam\u0131ndan ve \u00e7evre illerden 1 milyonu a\u015fk\u0131n ziyaret\u00e7i, festival co\u015fkusuna ortak oldu. Menemen Belediye Ba\u015fkan\u0131 Ayd\u0131n Pehlivan, &#8220;T\u00fcrkiye, Emiralem \u00c7ile\u011fi\u2019ni \u00e7ok sevdi.&#8221; dedi.<br \/>\n<br \/>Menemen\u2019in en \u00f6nemli tar\u0131msal \u00fcr\u00fcnlerinden olan ve bu y\u0131l yakla\u015f\u0131k 7 bin tonluk \u00fcretimle, \u0130zmir\u2019deki \u00e7ilek \u00fcretiminin y\u00fczde 55\u2019ini kar\u015f\u0131layan Emiralem \u00c7ile\u011fi i\u00e7in d\u00fczenlenen 15. Emiralem \u00c7ilek Festivali, renkli anlar ve unutulmaz an\u0131larla birlikte sona erdi. \u0130ki g\u00fcnl\u00fck festival maratonunda, Emiralem giri\u015finden itibaren ya\u015fanan yo\u011funluk ve festival atmosferinde hem \u00e7ocuklar hem de b\u00fcy\u00fckler, Emiralem\u2019in dillere destan \u00e7ile\u011fini tatma ve keyifli anlar ge\u00e7irme f\u0131rsat\u0131 buldu. \u00c7ocuklar i\u00e7in olu\u015fturulan y\u00fcz boyama alan\u0131 ve at\u00f6lyeler, ailelerin tercih etti\u011fi alanlar\u0131n ba\u015f\u0131nda gelirken, T\u00fcrk Sanat M\u00fczi\u011fi dinletisi ve g\u00fcn boyunca sokak m\u00fczisyenlerinin ezgileri, festival alan\u0131nda b\u00fcy\u00fck ilgi g\u00f6rd\u00fc.<\/p>\n<p>En lezzetli yar\u0131\u015fmalar k\u0131yas\u0131ya rekabetle ge\u00e7ti<br \/>\n<br \/>Emiralem \u00c7ilek Festivali\u2019nin ikinci g\u00fcn\u00fcnde g\u00fcnd\u00fcz saatlerine yar\u0131\u015fmalar damga vurdu. Farkl\u0131 kategorilerde \u00e7ilek yeti\u015ftiricileri, \u2018en lezzetli \u00e7ile\u011fi yeti\u015ftiren\u2019 olma unvan\u0131 i\u00e7in \u00e7ileklerini j\u00fcri \u00fcyelerine sunarken, pasta yar\u0131\u015fmas\u0131nda da hem g\u00f6rselli\u011fi hem de lezzetiyle g\u00fcne damga vuran \u00e7ilekli pastalar\u0131n sahipleri, birincilik i\u00e7in m\u00fccadele etti. Ayr\u0131ca Emiralem Gen\u00e7lik Merkezi\u2019nde d\u00fczenlenen Playstation, masa tenisi ve bilardo turnuvalar\u0131 da gen\u00e7lerin rekabet alan\u0131 oldu. Yar\u0131\u015fmalarda derece alan isimler, konser alan\u0131ndaki sahnede \u00f6d\u00fcllerini Menemen Belediye Ba\u015fkan\u0131 Ayd\u0131n Pehlivan ve protokol \u00fcyelerinden ald\u0131.<\/p>\n<p>&#8220;Ziyaret\u00e7i say\u0131m\u0131z milyonu a\u015ft\u0131&#8221;<br \/>\n<br \/>Festivalin her ge\u00e7en y\u0131l da ziyaret\u00e7i say\u0131s\u0131n\u0131 art\u0131rd\u0131\u011f\u0131na dikkat \u00e7eken Menemen Belediye Ba\u015fkan\u0131 Ayd\u0131n Pehlivan, &#8220;Her sene rekor k\u0131r\u0131yoruz, bu y\u0131l milyonu a\u015ft\u0131k.&#8221; dedi. Ba\u015fkan Pehlivan, &#8220;Emiralem\u2019de d\u00fczenledi\u011fimiz festivalimiz, her y\u0131l T\u00fcrkiye\u2019nin en lezzetli \u00e7ile\u011finin etraf\u0131nda artan bir ivmeyle y\u00fcz binleri kenetliyordu. Bu y\u0131l bu say\u0131 milyonu ge\u00e7ti. Bu da demek oluyor ki T\u00fcrkiye, bu \u00e7ile\u011fi \u00e7ok seviyor. Emiralem \u00c7ilek Festivali, bizlere bir kez daha birlik oldu\u011fumuzda, birlikte oldu\u011fumuzda ne kadar g\u00fczel g\u00fcl\u00fcmsedi\u011fimizi g\u00f6sterdi. Festival alan\u0131nda \u00fcreticimizi, esnaf\u0131m\u0131z\u0131, ziyaret\u00e7ilerimizi, evlatlar\u0131m\u0131z\u0131 ve b\u00fcy\u00fcklerimizi bir arada ve mutlu g\u00f6rd\u00fck\u00e7e, biz de \u00e7ok mutlu oluyoruz. Milyonu a\u015fk\u0131n ziyaret\u00e7isiyle, hi\u00e7bir s\u0131k\u0131nt\u0131 ya\u015fanmadan keyifli bir festivali geride b\u0131rakt\u0131\u011f\u0131m\u0131z i\u00e7in g\u00fcvenlik g\u00fc\u00e7lerimizden belediye ailemize, Emiralemlilerden t\u00fcm misafirlerimize kadar herkese te\u015fekk\u00fcr ediyorum. Gelecek y\u0131l ayn\u0131 co\u015fkuyu, kald\u0131\u011f\u0131 yerden daha da \u00f6teye ta\u015f\u0131mak i\u00e7in \u015fimdiden sab\u0131rs\u0131zlan\u0131yoruz.&#8221; dedi.<\/p>\n<p>Derya Ulu\u011f sahnesiyle co\u015fturdu<br \/>\n<br \/>Emiralem \u00c7ilek Festivali\u2019nin ilk g\u00fcn\u00fcnde ger\u00e7ekle\u015fen Mustafa Ceceli ve O\u011fuz G\u00f6rce\u011fiz konserlerinden sonra final g\u00fcn\u00fcn\u00fcn sahne alan ismiyse, \u015fark\u0131lar\u0131n\u0131 milyonlara ezberleten Derya Ulu\u011f oldu. Ba\u015far\u0131l\u0131 sanat\u00e7\u0131, en g\u00fczel \u015fark\u0131lar\u0131n\u0131 konser alan\u0131n\u0131 dolduran on binlerce m\u00fcziksever ile birlikte seslendirdi.<br \/><\/p>\n","protected":false},"excerpt":{"rendered":"<p>Emiralem\u2019in kokusuyla, lezzetiyle nam salm\u0131\u015f \u00e7ile\u011fi i\u00e7in d\u00fczenlenen 15. Emiralem \u00c7ilek Festivali, tarihi bir ziyaret\u00e7i rekoruna imza att\u0131. \u0130zmir\u2019in tamam\u0131ndan ve \u00e7evre illerden 1 milyonu a\u015fk\u0131n ziyaret\u00e7i, festival co\u015fkusuna ortak oldu. Menemen Belediye Ba\u015fkan\u0131 Ayd\u0131n Pehlivan, &#8220;T\u00fcrkiye, Emiralem \u00c7ile\u011fi\u2019ni \u00e7ok sevdi.&#8221; dedi. Menemen\u2019in en \u00f6nemli tar\u0131msal \u00fcr\u00fcnlerinden olan ve bu y\u0131l yakla\u015f\u0131k 7 bin tonluk&#8230;<\/p>\n","protected":false},"author":1,"featured_media":28102,"comment_status":"open","ping_status":"open","sticky":false,"template":"","format":"standard","meta":{"_crdt_document":"","footnotes":""},"categories":[1],"tags":[],"class_list":["post-28101","post","type-post","status-publish","format-standard","has-post-thumbnail","hentry","category-guncel"],"_links":{"self":[{"href":"https:\/\/www.egemtv.com\/index.php?rest_route=\/wp\/v2\/posts\/28101","targetHints":{"allow":["GET"]}}],"collection":[{"href":"https:\/\/www.egemtv.com\/index.php?rest_route=\/wp\/v2\/posts"}],"about":[{"href":"https:\/\/www.egemtv.com\/index.php?rest_route=\/wp\/v2\/types\/post"}],"author":[{"embeddable":true,"href":"https:\/\/www.egemtv.com\/index.php?rest_route=\/wp\/v2\/users\/1"}],"replies":[{"embeddable":true,"href":"https:\/\/www.egemtv.com\/index.php?rest_route=%2Fwp%2Fv2%2Fcomments&post=28101"}],"version-history":[{"count":1,"href":"https:\/\/www.egemtv.com\/index.php?rest_route=\/wp\/v2\/posts\/28101\/revisions"}],"predecessor-version":[{"id":28103,"href":"https:\/\/www.egemtv.com\/index.php?rest_route=\/wp\/v2\/posts\/28101\/revisions\/28103"}],"wp:featuredmedia":[{"embeddable":true,"href":"https:\/\/www.egemtv.com\/index.php?rest_route=\/wp\/v2\/media\/28102"}],"wp:attachment":[{"href":"https:\/\/www.egemtv.com\/index.php?rest_route=%2Fwp%2Fv2%2Fmedia&parent=28101"}],"wp:term":[{"taxonomy":"category","embeddable":true,"href":"https:\/\/www.egemtv.com\/index.php?rest_route=%2Fwp%2Fv2%2Fcategories&post=28101"},{"taxonomy":"post_tag","embeddable":true,"href":"https:\/\/www.egemtv.com\/index.php?rest_route=%2Fwp%2Fv2%2Ftags&post=28101"}],"curies":[{"name":"wp","href":"https:\/\/api.w.org\/{rel}","templated":true}]}}